{"id":61172,"date":"2023-02-17T04:06:00","date_gmt":"2023-02-17T04:06:00","guid":{"rendered":"https:\/\/avant-age.live\/?p=61172"},"modified":"2026-08-31T10:43:29","modified_gmt":"2026-08-31T10:43:29","slug":"carburante-dallossigeno","status":"publish","type":"post","link":"https:\/\/avant-age.live\/it\/powerstoff-aus-sauerstoff\/","title":{"rendered":"Carburante dall'ossigeno"},"content":{"rendered":"\n<p class=\"wp-block-paragraph\">Der Ionengehalt in der Luft ist f\u00fcr unsere Gesundheit und die Alterung von elementarer Bedeutung. Tats\u00e4chlich spielt die Unterversorgung von negativ geladenen Ionen eine wichtige Rolle bei einer Vielzahl von gesundheitlichen Problemen. Andererseits k\u00f6nnen Sauerstoffmolek\u00fcle, die k\u00fcnstlich negativ geladen werden, wertvolle therapeutische Verb\u00fcndete bei der Behandlung zahlreicher Beschwerden sein. In diesem Beitrag m\u00f6chten wir aufzeigen, wie negativ geladene Ionen [O<sub>2<\/sub>(-)] die allgemeine Gesundheit und unseren Alterungsprozess positiv beeinflussen k\u00f6nnen. \u2026Und, warum in kosmetischen Instituten und Medical Wellness-Praxen dieser &#8222;Powerstoff aus Sauerstoff&#8220; statt Kaffee zur Auffrischung angeboten werden sollte!<\/p>\n\n\n\n<div style=\"height:50px\" aria-hidden=\"true\" class=\"wp-block-spacer\"><\/div>\n\n\n\n<h2 class=\"wp-block-heading\">Ungleichgewicht von elektrischer Ladung in der Luft<\/h2>\n\n\n\n<p class=\"wp-block-paragraph\">Die Luft, die wir atmen enth\u00e4lt negativ und positiv geladene Ionen:&nbsp;<strong>Anionen<\/strong>&nbsp;(= Negativ-Ionen, sie unterst\u00fctzen die Atmung und verbessern die Sauerstoffaufnahme) und&nbsp;<strong>Kationen<\/strong>&nbsp;(=Positiv-Ionen, sie erschweren die Atmung). Somit ist klar, dass die Luftqualit\u00e4t vom verh\u00e4ltnism\u00e4ssigen Anteil dieser negativen und positiven Ionen an der Gesamtmenge der Umgebungsluft abh\u00e4ngt. In einer sauberen Umgebung ist das Verh\u00e4ltnis der beiden Ionentypen ungef\u00e4hr gleich und stellt keine Probleme dar. Eine optimale Menge an negativen Ionen in der Luft betr\u00e4gt ca. 2000\/cm<sup>3<\/sup>. Dies findet man jedoch nur noch in der Natur (in W\u00e4ldern, in den Bergen, an Wasserf\u00e4llen, nach Gewittern oder am Meer).<\/p>\n\n\n\n<div class=\"wp-block-columns are-vertically-aligned-center is-layout-flex wp-container-core-columns-is-layout-7387b849 wp-block-columns-is-layout-flex\">\n<div class=\"wp-block-column is-vertically-aligned-center is-layout-flow wp-block-column-is-layout-flow\" style=\"flex-basis:33.33%\">\n<figure class=\"wp-block-image size-full\"><img fetchpriority=\"high\" decoding=\"async\" width=\"848\" height=\"565\" src=\"https:\/\/avant-age.live\/wp-content\/smush-webp\/2023\/02\/Buero-mit-wenig-negativ-ionen.jpg.webp\" alt=\"\" class=\"wp-image-61173\" srcset=\"https:\/\/avant-age.live\/wp-content\/smush-webp\/2023\/02\/Buero-mit-wenig-negativ-ionen.jpg.webp 848w, https:\/\/avant-age.live\/wp-content\/smush-webp\/2023\/02\/Buero-mit-wenig-negativ-ionen-300x200.jpg.webp 300w, https:\/\/avant-age.live\/wp-content\/smush-webp\/2023\/02\/Buero-mit-wenig-negativ-ionen-768x512.jpg.webp 768w, https:\/\/avant-age.live\/wp-content\/smush-webp\/2023\/02\/Buero-mit-wenig-negativ-ionen-18x12.jpg.webp 18w, https:\/\/avant-age.live\/wp-content\/smush-webp\/2023\/02\/Buero-mit-wenig-negativ-ionen-130x87.jpg.webp 130w, https:\/\/avant-age.live\/wp-content\/smush-webp\/2023\/02\/Buero-mit-wenig-negativ-ionen-600x400.jpg.webp 600w\" sizes=\"(max-width: 848px) 100vw, 848px\" data-smush-webp-fallback=\"{&quot;src&quot;:&quot;https:\\\/\\\/avant-age.live\\\/wp-content\\\/uploads\\\/2023\\\/02\\\/Buero-mit-wenig-negativ-ionen.jpg&quot;,&quot;srcset&quot;:&quot;https:\\\/\\\/avant-age.live\\\/wp-content\\\/uploads\\\/2023\\\/02\\\/Buero-mit-wenig-negativ-ionen.jpg 848w, https:\\\/\\\/avant-age.live\\\/wp-content\\\/uploads\\\/2023\\\/02\\\/Buero-mit-wenig-negativ-ionen-300x200.jpg 300w, https:\\\/\\\/avant-age.live\\\/wp-content\\\/uploads\\\/2023\\\/02\\\/Buero-mit-wenig-negativ-ionen-768x512.jpg 768w, https:\\\/\\\/avant-age.live\\\/wp-content\\\/uploads\\\/2023\\\/02\\\/Buero-mit-wenig-negativ-ionen-18x12.jpg 18w, https:\\\/\\\/avant-age.live\\\/wp-content\\\/uploads\\\/2023\\\/02\\\/Buero-mit-wenig-negativ-ionen-130x87.jpg 130w, https:\\\/\\\/avant-age.live\\\/wp-content\\\/uploads\\\/2023\\\/02\\\/Buero-mit-wenig-negativ-ionen-600x400.jpg 600w&quot;}\" \/><\/figure>\n<\/div>\n\n\n\n<div class=\"wp-block-column is-vertically-aligned-center is-layout-flow wp-block-column-is-layout-flow\" style=\"flex-basis:66.66%\">\n<p class=\"wp-block-paragraph\">Die fortschreitende Verschmutzung der Luft im Allgemeinen, insbesondere aber die stark positiv geladene Luft in urbanen Gegenden (St\u00e4dten, D\u00f6rfer, Industriezonen, etc) f\u00fchrt zu einer Vielzahl von pathologischen Prozessen, die eng mit der ionischen Ver\u00e4nderung der Luft in Verbindung stehen. Insbesondere Rauch, statische Elektrizit\u00e4t, elektromagnetische Felder, diverse Aktivit\u00e4ten, neuzeitliche Materialen sowie Heizungs- und Klimaanlagen haben zu einer Verringerung des Ionengleichgewichts in der Umwelt gef\u00fchrt. So liegt der Gehalt an Negativ-Ionen in St\u00e4dten, Ballungs- und Einkaufszentren, sowie Innenr\u00e4umen wie B\u00fcros etc. (vor allem, wenn diese noch mit vielen elektrischen Ger\u00e4ten best\u00fcckt sind) normal nur noch etwa bei 100\/cm<sup>3<\/sup>&nbsp;oder weniger.<\/p>\n<\/div>\n<\/div>\n\n\n\n<div style=\"height:50px\" aria-hidden=\"true\" class=\"wp-block-spacer\"><\/div>\n\n\n\n<h2 class=\"wp-block-heading\">Was bewirken die positiv und negativ geladenen Ionen des O<sub>2<\/sub>-Molek\u00fcls in unserem K\u00f6rper?<\/h2>\n\n\n\n<p class=\"wp-block-paragraph\">Wie wir alle wissen, entstehen im menschlichen K\u00f6rper ganz nat\u00fcrlich freie Sauerstoffradikale. Diese sind hochreaktiv. Ihre Reaktion mit den Zellen k\u00f6nnen diese allerdings sch\u00e4digen. Doch, ein gesunder K\u00f6rper verf\u00fcgt \u00fcber Abwehrsysteme, um diese Radikalen zu neutralisieren. Gibt es allerdings zu viele davon, kann das Immunsystem gesch\u00e4digt werden und die Degeneration des menschlichen K\u00f6rpers wird beschleunigt. Positive Ionen unterst\u00fctzen diesen degenerierenden Prozess, wogegen negative Ionen ihn ausbremsen.<\/p>\n\n\n\n<div style=\"height:50px\" aria-hidden=\"true\" class=\"wp-block-spacer\"><\/div>\n\n\n\n<h3 class=\"wp-block-heading\">Die Wirkung von positiv geladenen Ionen<\/h3>\n\n\n\n<div class=\"wp-block-columns are-vertically-aligned-center is-layout-flex wp-container-core-columns-is-layout-7387b849 wp-block-columns-is-layout-flex\">\n<div class=\"wp-block-column is-vertically-aligned-center is-layout-flow wp-block-column-is-layout-flow\">\n<div class=\"wp-block-group has-background is-layout-constrained wp-container-core-group-is-layout-c4e40edf wp-block-group-is-layout-constrained\" style=\"border-top-left-radius:20px;border-top-right-radius:20px;border-bottom-left-radius:20px;border-bottom-right-radius:20px;background-color:#e4e4e4;padding-top:25px;padding-right:25px;padding-bottom:25px;padding-left:25px\">\n<h5 class=\"wp-block-heading\"><br>Symptome, die auf ein \u00dcbermass an positiven Ionen zur\u00fcckzuf\u00fchren sind:<\/h5>\n\n\n\n<ul class=\"wp-block-list\">\n<li>Kopfschmerzen<\/li>\n\n\n\n<li>M\u00fcdigkeit<\/li>\n\n\n\n<li>Schwindelgef\u00fchl<\/li>\n\n\n\n<li>Konzentrations-St\u00f6rungen<\/li>\n\n\n\n<li>Schlafst\u00f6rungen<\/li>\n\n\n\n<li>Depressionen<\/li>\n\n\n\n<li>Angstzust\u00e4nde<\/li>\n\n\n\n<li>Gereiztheit<\/li>\n\n\n\n<li>\u00dcbelkeit<\/li>\n\n\n\n<li>Bauchschmerzen<\/li>\n\n\n\n<li>Atembeschwerden<\/li>\n\n\n\n<li>erh\u00f6hter Blutdruck<\/li>\n<\/ul>\n<\/div>\n<\/div>\n\n\n\n<div class=\"wp-block-column is-vertically-aligned-center is-layout-flow wp-block-column-is-layout-flow\">\n<p class=\"wp-block-paragraph\">Ein zu hoher Anteil von positiv geladenen Ionen im menschlichen K\u00f6rper kann verheerende Folgen haben. Positive Ionen verursachen zusammen mit freien Radikalen eine Oxidation der Zellen im ganzen K\u00f6rper. Der S\u00e4uregehalt des Blutes wird erh\u00f6ht, die Folge ist eine vermehrte Produktion von Milchs\u00e4ure. Das Nerven- und Immunsystem wird geschw\u00e4cht und f\u00fchrt zur vorzeitigen Alterung. Zudem k\u00f6nnen all diese Prozesse zur Entstehung von Tumor- und Krebszellen f\u00fchren.<\/p>\n<\/div>\n<\/div>\n\n\n\n<div style=\"height:50px\" aria-hidden=\"true\" class=\"wp-block-spacer\"><\/div>\n\n\n\n<ul class=\"wp-block-list\"><\/ul>\n\n\n\n<h3 class=\"wp-block-heading\">Die Wirkung der negativ geladenen Ionen<\/h3>\n\n\n\n<div class=\"wp-block-columns are-vertically-aligned-center is-layout-flex wp-container-core-columns-is-layout-7387b849 wp-block-columns-is-layout-flex\">\n<div class=\"wp-block-column is-vertically-aligned-center is-layout-flow wp-block-column-is-layout-flow\">\n<div class=\"wp-block-group has-background is-layout-constrained wp-container-core-group-is-layout-c4e40edf wp-block-group-is-layout-constrained\" style=\"border-top-left-radius:20px;border-top-right-radius:20px;border-bottom-left-radius:20px;border-bottom-right-radius:20px;background-color:#e4e4e4;padding-top:25px;padding-right:25px;padding-bottom:25px;padding-left:25px\">\n<h5 class=\"wp-block-heading\"><br>Ein grosser Anteil an Negativ-Ionen kann positive Ionen neutralisieren und f\u00fchrt zu:<\/h5>\n\n\n\n<ul class=\"wp-block-list\">\n<li>psychischem Wohlbefinden<\/li>\n\n\n\n<li>erh\u00f6hter Leistungsf\u00e4higkeit<\/li>\n\n\n\n<li>bessere Konzentrationsf\u00e4higkeit<\/li>\n\n\n\n<li>guter Laune<\/li>\n\n\n\n<li>erh\u00f6hter Vitalit\u00e4t<\/li>\n\n\n\n<li>leichter Atmung<\/li>\n\n\n\n<li>ruhigem, tiefem Schlag<\/li>\n\n\n\n<li>Verringerung des Blutdruckes<\/li>\n\n\n\n<li>Verz\u00f6gerung des Alterungsprozesses u.m.<\/li>\n<\/ul>\n<\/div>\n<\/div>\n\n\n\n<div class=\"wp-block-column is-vertically-aligned-center is-layout-flow wp-block-column-is-layout-flow\">\n<p class=\"wp-block-paragraph\">Negative Ionen unterst\u00fctzen das Immunsystem, indem sie freie Sauerstoffradikale im K\u00f6rper reduzieren und die Wirkung der positiven Ionen beeintr\u00e4chtigen. Zudem unterdr\u00fcckt die negative Ladung der O<sub>2<\/sub>-Molek\u00fcle Mikroben in der Atmosph\u00e4re und neutralisieren Ger\u00fcche, binden Schadstoffe und wirken dem Alterungsprozess entgegen.<\/p>\n<\/div>\n<\/div>\n\n\n\n<div style=\"height:50px\" aria-hidden=\"true\" class=\"wp-block-spacer\"><\/div>\n\n\n\n<h2 class=\"wp-block-heading\">Darum brauchen wir Sauerstoff beim Atmen<\/h2>\n\n\n\n<p class=\"wp-block-paragraph\">Die negativen (-) und positiven (+) Ionen werden vom nat\u00fcrlichen Sauerstoff in unserer Atemluft transportiert. Diese besteht aus 21 % Sauerstoff und 79 % Prozent Stickstoff und ein paar anderen Gasen. Von diesen 21 % geben unsere Lungen dann regelm\u00e4ssig ca. 25 % an das Blut f\u00fcr den Zellstoffwechsel ab. Gelangt das O<sub>2<\/sub>-Molek\u00fcl dann nach aufwendigen \u00abEingangskontrollen\u00bb in die Zelle, spendiert es ihr seine Minusladung. Was passiert nun? Das \u00ab+\u00bb ist bereits da, das \u00ab-\u00bb kommt hinzu, und provoziert ein elektrisches Ladungsgef\u00e4lle. Die S\u00e4fte beginnen zu fliessen und das Leben beginnt. Das O<sub>2<\/sub>-Molek\u00fcl das fortan ohne negative Ladung auskommen muss, aber mit einem Kohlenstoffatom best\u00fcckt ist, begibt sich nun als CO<sub>2<\/sub>&nbsp;(Kohlendioxyd) auf den Weg \u00fcber das Interstitium, ven\u00f6ses Blut und die Lung zur\u00fcck in die Atemluft, wo es ausgeatmet und mit Gl\u00fcck durch die kosmische Strahlung wieder regeneriert wird. Mit zunehmendem Alter ist diese Versorgung von negativen Ionen allerdings nicht mehr ausreichend. Denn mit fortschreitenden Jahren, braucht unser K\u00f6rper zusehends mehr Sauerstoff. Das ist der Moment, an dem unsere Degeneration beginnt \u2026ungef\u00e4hr ab einem Alter von 25 Jahren.<\/p>\n\n\n\n<div style=\"height:25px\" aria-hidden=\"true\" class=\"wp-block-spacer\"><\/div>\n\n\n\n<h5 class=\"wp-block-heading\">Doch Sauerstoff ist nicht gleich Sauerstoff<\/h5>\n\n\n\n<div class=\"wp-block-columns are-vertically-aligned-center is-layout-flex wp-container-core-columns-is-layout-7387b849 wp-block-columns-is-layout-flex\">\n<div class=\"wp-block-column is-vertically-aligned-center is-layout-flow wp-block-column-is-layout-flow\" style=\"flex-basis:33.33%\">\n<figure class=\"wp-block-image size-full\"><img decoding=\"async\" width=\"800\" height=\"500\" data-src=\"https:\/\/avant-age.live\/wp-content\/smush-webp\/2023\/02\/Positive-negative-Ionen-in-der-Luft.jpg.webp\" alt=\"\" class=\"wp-image-61174 lazyload\" data-srcset=\"https:\/\/avant-age.live\/wp-content\/smush-webp\/2023\/02\/Positive-negative-Ionen-in-der-Luft.jpg.webp 800w, https:\/\/avant-age.live\/wp-content\/smush-webp\/2023\/02\/Positive-negative-Ionen-in-der-Luft-300x188.jpg.webp 300w, https:\/\/avant-age.live\/wp-content\/smush-webp\/2023\/02\/Positive-negative-Ionen-in-der-Luft-768x480.jpg.webp 768w, https:\/\/avant-age.live\/wp-content\/smush-webp\/2023\/02\/Positive-negative-Ionen-in-der-Luft-18x12.jpg.webp 18w, https:\/\/avant-age.live\/wp-content\/smush-webp\/2023\/02\/Positive-negative-Ionen-in-der-Luft-130x81.jpg.webp 130w, https:\/\/avant-age.live\/wp-content\/smush-webp\/2023\/02\/Positive-negative-Ionen-in-der-Luft-600x375.jpg.webp 600w\" data-sizes=\"auto\" src=\"data:image\/svg+xml;base64,PHN2ZyB3aWR0aD0iMSIgaGVpZ2h0PSIxIiB4bWxucz0iaHR0cDovL3d3dy53My5vcmcvMjAwMC9zdmciPjwvc3ZnPg==\" style=\"--smush-placeholder-width: 800px; --smush-placeholder-aspect-ratio: 800\/500;\" data-original-sizes=\"(max-width: 800px) 100vw, 800px\" data-smush-webp-fallback=\"{&quot;data-src&quot;:&quot;https:\\\/\\\/avant-age.live\\\/wp-content\\\/uploads\\\/2023\\\/02\\\/Positive-negative-Ionen-in-der-Luft.jpg&quot;,&quot;data-srcset&quot;:&quot;https:\\\/\\\/avant-age.live\\\/wp-content\\\/uploads\\\/2023\\\/02\\\/Positive-negative-Ionen-in-der-Luft.jpg 800w, https:\\\/\\\/avant-age.live\\\/wp-content\\\/uploads\\\/2023\\\/02\\\/Positive-negative-Ionen-in-der-Luft-300x188.jpg 300w, https:\\\/\\\/avant-age.live\\\/wp-content\\\/uploads\\\/2023\\\/02\\\/Positive-negative-Ionen-in-der-Luft-768x480.jpg 768w, https:\\\/\\\/avant-age.live\\\/wp-content\\\/uploads\\\/2023\\\/02\\\/Positive-negative-Ionen-in-der-Luft-18x12.jpg 18w, https:\\\/\\\/avant-age.live\\\/wp-content\\\/uploads\\\/2023\\\/02\\\/Positive-negative-Ionen-in-der-Luft-130x81.jpg 130w, https:\\\/\\\/avant-age.live\\\/wp-content\\\/uploads\\\/2023\\\/02\\\/Positive-negative-Ionen-in-der-Luft-600x375.jpg 600w&quot;}\" \/><\/figure>\n<\/div>\n\n\n\n<div class=\"wp-block-column is-vertically-aligned-center is-layout-flow wp-block-column-is-layout-flow\" style=\"flex-basis:66.66%\">\n<p class=\"wp-block-paragraph\">Ziehen wir nun in Betracht, dass ein lebendiger Zellstoffwechsel vom Sauerstoff das elektrische Minus (Negativ-Ionen) ben\u00f6tigt, und qualitativ schlechter Sauerstoff (mehr positive als negative Ionen) die freien Radikale nicht mehr effektiv bek\u00e4mpfen kann, wird klar, warum wir uns zusehends um mehr negative Ionen in unserer Atemluft k\u00fcmmern sollten\/m\u00fcssen. Medizinische Kosmetik- und Medical Wellness-Institute sollten sich darum zum Ziel setzen, ihren Kunden:innen Negativ-Ionen anzubieten, wie man sonst jedem Gast im Minimum einen Kaffee serviert!<br>Mehrere Studien haben gezeigt, dass es f\u00fcr die Erhaltung der menschlichen Gesundheit unerl\u00e4sslich wird, die Luft mit Negativen Ionen anzureichern um die Kraft der positiven Ionen zur schw\u00e4chen.<\/p>\n<\/div>\n<\/div>\n\n\n\n<div style=\"height:50px\" aria-hidden=\"true\" class=\"wp-block-spacer\"><\/div>\n\n\n\n<h2 class=\"wp-block-heading\">MEHR O<sub>2<\/sub>(-) F\u00dcR DIE GESUNDHEIT<\/h2>\n\n\n\n<p class=\"wp-block-paragraph\">Diese M\u00f6glichkeit haben wir jetzt. Im Einsatz f\u00fcr die kurative Kosmetik und den Bereich von Medical Beauty und Medical Wellness heisst die Antwort PLT-Haube. Die PLT-Haube ist ein Verfahren, das die Anzahl der Negativ-Ionen im Sauerstoff auf \u00fcber 5\u2018000&#8217;000 pro cm<sup>3<\/sup>&nbsp;erh\u00f6hen kann. Dabei wechselt der Sauerstoff sogar seinen Aggregatzustand von O<sub>2<\/sub>&nbsp;(Gas) auf O<sub>2<\/sub>(-) (Plasma). Genauso wie Feuer oder Elektrizit\u00e4t plasmatisch sind, ist das hoch energetische O<sub>2<\/sub>(-) oberfl\u00e4chenaktiv. Das heisst, es kann Materie und damit auch unsere Haut durchdringen. Dabei gilt: je mehr Negativ-Ionen, desto besser. Eine im &#8222;Journal of Applied Microbiology&#8220; vorgestellte Studie zeigt, dass negative Ionen \u00fcbrigens keine unerw\u00fcnschten Nebenwirkungen oder Kontraindikationen haben.<\/p>\n\n\n\n<div class=\"wp-block-columns are-vertically-aligned-center is-layout-flex wp-container-core-columns-is-layout-7387b849 wp-block-columns-is-layout-flex\">\n<div class=\"wp-block-column is-vertically-aligned-center is-layout-flow wp-block-column-is-layout-flow\" style=\"flex-basis:33.33%\">\n<figure class=\"wp-block-image size-full\"><img decoding=\"async\" width=\"800\" height=\"500\" data-src=\"https:\/\/avant-age.live\/wp-content\/smush-webp\/2023\/02\/Triple-Detox-Booster_Negativ-Ionen_01.jpg.webp\" alt=\"\" class=\"wp-image-61175 lazyload\" data-srcset=\"https:\/\/avant-age.live\/wp-content\/smush-webp\/2023\/02\/Triple-Detox-Booster_Negativ-Ionen_01.jpg.webp 800w, https:\/\/avant-age.live\/wp-content\/smush-webp\/2023\/02\/Triple-Detox-Booster_Negativ-Ionen_01-300x188.jpg.webp 300w, https:\/\/avant-age.live\/wp-content\/smush-webp\/2023\/02\/Triple-Detox-Booster_Negativ-Ionen_01-768x480.jpg.webp 768w, https:\/\/avant-age.live\/wp-content\/smush-webp\/2023\/02\/Triple-Detox-Booster_Negativ-Ionen_01-18x12.jpg.webp 18w, https:\/\/avant-age.live\/wp-content\/smush-webp\/2023\/02\/Triple-Detox-Booster_Negativ-Ionen_01-130x81.jpg.webp 130w, https:\/\/avant-age.live\/wp-content\/smush-webp\/2023\/02\/Triple-Detox-Booster_Negativ-Ionen_01-600x375.jpg.webp 600w\" data-sizes=\"auto\" src=\"data:image\/svg+xml;base64,PHN2ZyB3aWR0aD0iMSIgaGVpZ2h0PSIxIiB4bWxucz0iaHR0cDovL3d3dy53My5vcmcvMjAwMC9zdmciPjwvc3ZnPg==\" style=\"--smush-placeholder-width: 800px; --smush-placeholder-aspect-ratio: 800\/500;\" data-original-sizes=\"(max-width: 800px) 100vw, 800px\" data-smush-webp-fallback=\"{&quot;data-src&quot;:&quot;https:\\\/\\\/avant-age.live\\\/wp-content\\\/uploads\\\/2023\\\/02\\\/Triple-Detox-Booster_Negativ-Ionen_01.jpg&quot;,&quot;data-srcset&quot;:&quot;https:\\\/\\\/avant-age.live\\\/wp-content\\\/uploads\\\/2023\\\/02\\\/Triple-Detox-Booster_Negativ-Ionen_01.jpg 800w, https:\\\/\\\/avant-age.live\\\/wp-content\\\/uploads\\\/2023\\\/02\\\/Triple-Detox-Booster_Negativ-Ionen_01-300x188.jpg 300w, https:\\\/\\\/avant-age.live\\\/wp-content\\\/uploads\\\/2023\\\/02\\\/Triple-Detox-Booster_Negativ-Ionen_01-768x480.jpg 768w, https:\\\/\\\/avant-age.live\\\/wp-content\\\/uploads\\\/2023\\\/02\\\/Triple-Detox-Booster_Negativ-Ionen_01-18x12.jpg 18w, https:\\\/\\\/avant-age.live\\\/wp-content\\\/uploads\\\/2023\\\/02\\\/Triple-Detox-Booster_Negativ-Ionen_01-130x81.jpg 130w, https:\\\/\\\/avant-age.live\\\/wp-content\\\/uploads\\\/2023\\\/02\\\/Triple-Detox-Booster_Negativ-Ionen_01-600x375.jpg 600w&quot;}\" \/><\/figure>\n<\/div>\n\n\n\n<div class=\"wp-block-column is-vertically-aligned-center is-layout-flow wp-block-column-is-layout-flow\" style=\"flex-basis:66.66%\">\n<h5 class=\"wp-block-heading\">Effekte von O<sub>2<\/sub>(-) auf den Zellstoffwechsel<\/h5>\n\n\n\n<p class=\"wp-block-paragraph\">Wie eingangs bereits erkl\u00e4rt, haben positive und negative Ionen unterschiedliche Effekte auf den menschlichen Organismus. Unsere Lungen und Schleimh\u00e4ute z.B. reagieren sensibel auf die Ionen. Negativ-Ionen beg\u00fcnstigen die Bildung und Ausscheidung von Schleim, in dem Verunreinigungen der Luft (Staub, Rauch, Umweltverschmutzung, Mikroorganismen) gebunden werden. Medizinisch ist die Inhalation des negativ ionisierten Sauerstoffplasmas indiziert f\u00fcr Allergien, Asthma, Bronchitis, Sinusitis, Trockenheit der Mundschleimh\u00e4ute etc. Bereits 1910 sagte Albert Einstein, dass die heilende Wirkung der Bergluft von Davos auf die Elektrizit\u00e4t der Luft zur\u00fcckzuf\u00fchren sei.<\/p>\n<\/div>\n<\/div>\n\n\n\n<div style=\"height:10px\" aria-hidden=\"true\" class=\"wp-block-spacer\"><\/div>\n\n\n\n<div class=\"wp-block-columns are-vertically-aligned-center is-layout-flex wp-container-core-columns-is-layout-7387b849 wp-block-columns-is-layout-flex\">\n<div class=\"wp-block-column is-vertically-aligned-center is-layout-flow wp-block-column-is-layout-flow\" style=\"flex-basis:33.33%\">\n<figure class=\"wp-block-image size-full\"><img decoding=\"async\" width=\"800\" height=\"500\" data-src=\"https:\/\/avant-age.live\/wp-content\/smush-webp\/2023\/02\/PLT-Haube_03.jpg.webp\" alt=\"\" class=\"wp-image-61176 lazyload\" data-srcset=\"https:\/\/avant-age.live\/wp-content\/smush-webp\/2023\/02\/PLT-Haube_03.jpg.webp 800w, https:\/\/avant-age.live\/wp-content\/smush-webp\/2023\/02\/PLT-Haube_03-300x188.jpg.webp 300w, https:\/\/avant-age.live\/wp-content\/smush-webp\/2023\/02\/PLT-Haube_03-768x480.jpg.webp 768w, https:\/\/avant-age.live\/wp-content\/smush-webp\/2023\/02\/PLT-Haube_03-18x12.jpg.webp 18w, https:\/\/avant-age.live\/wp-content\/smush-webp\/2023\/02\/PLT-Haube_03-130x81.jpg.webp 130w, https:\/\/avant-age.live\/wp-content\/smush-webp\/2023\/02\/PLT-Haube_03-600x375.jpg.webp 600w\" data-sizes=\"auto\" src=\"data:image\/svg+xml;base64,PHN2ZyB3aWR0aD0iMSIgaGVpZ2h0PSIxIiB4bWxucz0iaHR0cDovL3d3dy53My5vcmcvMjAwMC9zdmciPjwvc3ZnPg==\" style=\"--smush-placeholder-width: 800px; --smush-placeholder-aspect-ratio: 800\/500;\" data-original-sizes=\"(max-width: 800px) 100vw, 800px\" data-smush-webp-fallback=\"{&quot;data-src&quot;:&quot;https:\\\/\\\/avant-age.live\\\/wp-content\\\/uploads\\\/2023\\\/02\\\/PLT-Haube_03.jpg&quot;,&quot;data-srcset&quot;:&quot;https:\\\/\\\/avant-age.live\\\/wp-content\\\/uploads\\\/2023\\\/02\\\/PLT-Haube_03.jpg 800w, https:\\\/\\\/avant-age.live\\\/wp-content\\\/uploads\\\/2023\\\/02\\\/PLT-Haube_03-300x188.jpg 300w, https:\\\/\\\/avant-age.live\\\/wp-content\\\/uploads\\\/2023\\\/02\\\/PLT-Haube_03-768x480.jpg 768w, https:\\\/\\\/avant-age.live\\\/wp-content\\\/uploads\\\/2023\\\/02\\\/PLT-Haube_03-18x12.jpg 18w, https:\\\/\\\/avant-age.live\\\/wp-content\\\/uploads\\\/2023\\\/02\\\/PLT-Haube_03-130x81.jpg 130w, https:\\\/\\\/avant-age.live\\\/wp-content\\\/uploads\\\/2023\\\/02\\\/PLT-Haube_03-600x375.jpg 600w&quot;}\" \/><\/figure>\n<\/div>\n\n\n\n<div class=\"wp-block-column is-vertically-aligned-center is-layout-flow wp-block-column-is-layout-flow\" style=\"flex-basis:66.66%\">\n<h5 class=\"wp-block-heading\">Effekte von O<sub>2<\/sub>(-) auf Haut und Bindegewebe<\/h5>\n\n\n\n<p class=\"wp-block-paragraph\">Negative Ionen werden \u00fcber das Plasma auch durch die Haut absorbiert. Sie verbessern die Epidermis und das subkutane Gewebe. Dort wirken sie positiv auf die Zellteilung und somit die Hautverj\u00fcngung ein.<br>Sie verbessern Hauterkrankungen wie Akne, Psoriasis, Nesselsucht oder Verbrennungen. Sie neutralisieren S\u00e4uren im Interstitium und beg\u00fcnstigen so die Kollagensynthese. Auch auf das Nervensystem haben negative Ionen eine positive Auswirkung. Sie steigern den Serotoninspiegel. W\u00e4hrend ein Mangel an Negativ-Ionen Hyperaktivit\u00e4t, Stress, Ersch\u00f6pfung, Schlaflosigkeit, Angst oder Aggression verursachen kann, reduziert eine hohe Konzentration Migr\u00e4ne und Kopfschmerzen.<\/p>\n<\/div>\n<\/div>\n\n\n\n<p class=\"wp-block-paragraph\">Aufgrund ihrer analgetischen Wirkung f\u00f6rdern sie die Entspannung und verbessern die Konzentration und das Ged\u00e4chtnis.<br>Weiter verbessern die Negativ-Ionen die Durchblutung. Sie f\u00f6rdern die Blutreinigung und regulieren den Blutdruck. Sie beugen koronarer Herzkrankheit, Myokardinfarkt und Angina vor. Dar\u00fcber hinaus sind O<sub>2<\/sub>&nbsp;(-)-Ionen relevant f\u00fcr die Sehleistung, die allgemeine Verbesserung der k\u00f6rperlichen und geistigen Leistungsf\u00e4higkeit. Ja, sogar f\u00fcr die Funktion des Verdauungssystems. Sie verhindern Lipide und Cholesterin, beg\u00fcnstigen die Ausscheidung von Toxinen, st\u00e4rken das Immunsystem, beg\u00fcnstigen die Durchl\u00e4ssigkeit der Zellen, verhindern M\u00fcdigkeit und Muskelschmerzen, helfen generell bei Stoffwechselerkrankungen und sorgen f\u00fcr allgemeines Wohlbefinden.<\/p>\n\n\n\n<div style=\"height:50px\" aria-hidden=\"true\" class=\"wp-block-spacer\"><\/div>\n\n\n\n<h2 class=\"wp-block-heading\">PLT Wunderhaube mit Zusatzfunktion<\/h2>\n\n\n\n<p class=\"wp-block-paragraph\">In der medizinischen Balneologie werden die Negativ-Ionen meistens \u00fcber Inhalationsmasken appliziert. Die kosmetisch relevantere Applikation ersetzt diese Masken durch eine Gesichts- und Dekollet\u00e9-Haube. Diese transparente Haube ist bequem anzulegen und elektrisch nicht leitend, so dass sich die Negativ-Ionen nicht entladen k\u00f6nnen. Ein weiterer Vorteil: Mit der Haube wird das Plasma nicht nur inhaliert, sondern auch an Ort und Stelle auf die Haut appliziert, wo die Negativ-Ionen den Stoffwechsel in den Hautzellen ankurbeln. Das einfach zu handhabende, praktische und wirksame Konzept der PLT-Haube passt in nahezu jedes Institutionskonzept \u2013 sei es als Einzelbehandlung oder Kur.<\/p>\n\n\n\n<p class=\"wp-block-paragraph\">Die&nbsp;<strong><a href=\"https:\/\/www.mtr-ag.ch\/esthetic-de\/beauty-geraete\/plt-haube_de.html\/\">PLT-<\/a><\/strong><a href=\"https:\/\/www.mtr-ag.ch\/esthetic-de\/beauty-geraete\/plt-haube_de.html\/\"><strong>HAUBE<\/strong><\/a>&nbsp;optimiert jede Gesichtsbehandlung, selbst wenn sie nur als Unterst\u00fctzung in der Maskenpause angelegt wird. Besondere Effekte zeigt die Anwendung auch im Bereich Anti-Aging oder Problemhaut. Je fr\u00fchreifer die Haut, desto besser und spontaner ist das Ergebnis. Dies bewies ein Fotowettbewerb mit 60 Instituten in Deutschland. Dieser zus\u00e4tzliche Kick von Negativ-Ionen passt auch als \u00abAdd-on-Anwendung\u00bb zu allen K\u00f6rperbehandlungen wie Vacu-Massage, Lymphdrainagen, RF, Laser, Cryo, Body Wraps und so weiter. Dabei geniesst das Institut folgende Vorteile:<br><br>\u2022 Bessere Behandlungsergebnisse aufgrund der zus\u00e4tzlichen ganzheitlichen Stoffwechselaktivierung<br>\u2022 Bessere Verkaufsargumente f\u00fcr das Institut\/Alleinstellung<br>\u2022 Zusatzbehandlung ohne extra Behandlungszeit.<br>\u2022 Mehrumsatz ohne Personalbindung.<\/p>\n\n\n\n<div style=\"height:25px\" aria-hidden=\"true\" class=\"wp-block-spacer\"><\/div>\n\n\n\n<div class=\"wp-block-columns is-layout-flex wp-container-core-columns-is-layout-7387b849 wp-block-columns-is-layout-flex\">\n<div class=\"wp-block-column is-layout-flow wp-block-column-is-layout-flow\" style=\"flex-basis:33.33%\">\n<figure class=\"wp-block-image size-full\"><img decoding=\"async\" width=\"800\" height=\"500\" data-src=\"https:\/\/avant-age.live\/wp-content\/smush-webp\/2023\/02\/Dermio-Care-Plus_Farbtherapie.jpg.webp\" alt=\"\" class=\"wp-image-61177 lazyload\" data-srcset=\"https:\/\/avant-age.live\/wp-content\/smush-webp\/2023\/02\/Dermio-Care-Plus_Farbtherapie.jpg.webp 800w, https:\/\/avant-age.live\/wp-content\/smush-webp\/2023\/02\/Dermio-Care-Plus_Farbtherapie-300x188.jpg.webp 300w, https:\/\/avant-age.live\/wp-content\/smush-webp\/2023\/02\/Dermio-Care-Plus_Farbtherapie-768x480.jpg.webp 768w, https:\/\/avant-age.live\/wp-content\/smush-webp\/2023\/02\/Dermio-Care-Plus_Farbtherapie-18x12.jpg.webp 18w, https:\/\/avant-age.live\/wp-content\/smush-webp\/2023\/02\/Dermio-Care-Plus_Farbtherapie-130x81.jpg.webp 130w, https:\/\/avant-age.live\/wp-content\/smush-webp\/2023\/02\/Dermio-Care-Plus_Farbtherapie-600x375.jpg.webp 600w\" data-sizes=\"auto\" src=\"data:image\/svg+xml;base64,PHN2ZyB3aWR0aD0iMSIgaGVpZ2h0PSIxIiB4bWxucz0iaHR0cDovL3d3dy53My5vcmcvMjAwMC9zdmciPjwvc3ZnPg==\" style=\"--smush-placeholder-width: 800px; --smush-placeholder-aspect-ratio: 800\/500;\" data-original-sizes=\"(max-width: 800px) 100vw, 800px\" data-smush-webp-fallback=\"{&quot;data-src&quot;:&quot;https:\\\/\\\/avant-age.live\\\/wp-content\\\/uploads\\\/2023\\\/02\\\/Dermio-Care-Plus_Farbtherapie.jpg&quot;,&quot;data-srcset&quot;:&quot;https:\\\/\\\/avant-age.live\\\/wp-content\\\/uploads\\\/2023\\\/02\\\/Dermio-Care-Plus_Farbtherapie.jpg 800w, https:\\\/\\\/avant-age.live\\\/wp-content\\\/uploads\\\/2023\\\/02\\\/Dermio-Care-Plus_Farbtherapie-300x188.jpg 300w, https:\\\/\\\/avant-age.live\\\/wp-content\\\/uploads\\\/2023\\\/02\\\/Dermio-Care-Plus_Farbtherapie-768x480.jpg 768w, https:\\\/\\\/avant-age.live\\\/wp-content\\\/uploads\\\/2023\\\/02\\\/Dermio-Care-Plus_Farbtherapie-18x12.jpg 18w, https:\\\/\\\/avant-age.live\\\/wp-content\\\/uploads\\\/2023\\\/02\\\/Dermio-Care-Plus_Farbtherapie-130x81.jpg 130w, https:\\\/\\\/avant-age.live\\\/wp-content\\\/uploads\\\/2023\\\/02\\\/Dermio-Care-Plus_Farbtherapie-600x375.jpg 600w&quot;}\" \/><\/figure>\n<\/div>\n\n\n\n<div class=\"wp-block-column is-layout-flow wp-block-column-is-layout-flow\" style=\"flex-basis:66.66%\">\n<h5 class=\"wp-block-heading\">Das Plus: farbiges Licht verst\u00e4rkt die Wirkung der Plasma Behandlung<\/h5>\n\n\n\n<p class=\"wp-block-paragraph\">Farblicht kann spezifische Stoffwechselprozesse aktivieren. Die Negativ-Ionen liefern die Energie und stellen sicher, dass die vom entsprechenden Farblicht angetriggerten Stoffwechselprozesse optimal funktionieren. Die PLT-Haube bietet drei essentielle Therapiefarben:<br><br>\u2022<strong>&nbsp;Rot (nah-infrarot):&nbsp;<\/strong>F\u00f6rdert die Collagenbildung und St\u00e4rkung des Bindegewebes.<br>\u2022&nbsp;<strong>Gr\u00fcn:&nbsp;<\/strong>Dient zur Erholung und Regeneration sowie St\u00e4rkung des Immunsystems, der Muskeln und Gewebezellen.<br>\u2022&nbsp;<strong>Blau:&nbsp;<\/strong>Unterst\u00fctzt Dermatologische Behandlungen: z. B. bei Psoriasis, akne-\u00e4hnlichem Hautzustand oder Hautunreinheiten.<\/p>\n<\/div>\n<\/div>\n\n\n\n<div style=\"height:50px\" aria-hidden=\"true\" class=\"wp-block-spacer\"><\/div>\n\n\n\n<h2 class=\"wp-block-heading\">Generelle Vorteile von Sauerstoffplasma<\/h2>\n\n\n\n<p class=\"wp-block-paragraph\">Der Einsatz von O<sub>2<\/sub>(-)-Plasma in der medizinischen Kosmetik oder im Medical Wellness optimiert jede Gesichts- und Ganzk\u00f6rperbehandlung. Die Negativ-Ionen liefern die dringend ben\u00f6tigte Energie f\u00fcr den Stoffwechsel, den wir in der heutigen verunreinigten Atemluft in Ballungszentren und R\u00e4umen mit vielen elektronischen Ger\u00e4ten nicht mehr erhalten. Die Verabreichung von negativen Sauerstoffionen ist allerdings nicht nur auf die PLT-Haube reduziert. Das Negativ-Ionen-Konzept f\u00fcr medizinische Kosmetik und Medical Wellness kann in die Bindegewebsstraffung sowie Zusatzleistungen und Abverkauf f\u00fcr die Behandlungsunterst\u00fctzung zu Hause integriert werden.<\/p>\n\n\n\n<div style=\"height:50px\" aria-hidden=\"true\" class=\"wp-block-spacer\"><\/div>\n\n\n\n<h2 class=\"wp-block-heading\">Weitere praktische O<sub>2<\/sub>(-) Lieferanten<\/h2>\n\n\n\n<div class=\"wp-block-columns is-layout-flex wp-container-core-columns-is-layout-7387b849 wp-block-columns-is-layout-flex\">\n<div class=\"wp-block-column is-layout-flow wp-block-column-is-layout-flow\" style=\"flex-basis:33.33%\">\n<figure class=\"wp-block-image size-full\"><img decoding=\"async\" width=\"800\" height=\"500\" data-src=\"https:\/\/avant-age.live\/wp-content\/smush-webp\/2023\/02\/MCS_frei.jpg.webp\" alt=\"\" class=\"wp-image-61178 lazyload\" data-srcset=\"https:\/\/avant-age.live\/wp-content\/smush-webp\/2023\/02\/MCS_frei.jpg.webp 800w, https:\/\/avant-age.live\/wp-content\/smush-webp\/2023\/02\/MCS_frei-300x188.jpg.webp 300w, https:\/\/avant-age.live\/wp-content\/smush-webp\/2023\/02\/MCS_frei-768x480.jpg.webp 768w, https:\/\/avant-age.live\/wp-content\/smush-webp\/2023\/02\/MCS_frei-18x12.jpg.webp 18w, https:\/\/avant-age.live\/wp-content\/smush-webp\/2023\/02\/MCS_frei-130x81.jpg.webp 130w, https:\/\/avant-age.live\/wp-content\/smush-webp\/2023\/02\/MCS_frei-600x375.jpg.webp 600w\" data-sizes=\"auto\" src=\"data:image\/svg+xml;base64,PHN2ZyB3aWR0aD0iMSIgaGVpZ2h0PSIxIiB4bWxucz0iaHR0cDovL3d3dy53My5vcmcvMjAwMC9zdmciPjwvc3ZnPg==\" style=\"--smush-placeholder-width: 800px; --smush-placeholder-aspect-ratio: 800\/500;\" data-original-sizes=\"(max-width: 800px) 100vw, 800px\" data-smush-webp-fallback=\"{&quot;data-src&quot;:&quot;https:\\\/\\\/avant-age.live\\\/wp-content\\\/uploads\\\/2023\\\/02\\\/MCS_frei.jpg&quot;,&quot;data-srcset&quot;:&quot;https:\\\/\\\/avant-age.live\\\/wp-content\\\/uploads\\\/2023\\\/02\\\/MCS_frei.jpg 800w, https:\\\/\\\/avant-age.live\\\/wp-content\\\/uploads\\\/2023\\\/02\\\/MCS_frei-300x188.jpg 300w, https:\\\/\\\/avant-age.live\\\/wp-content\\\/uploads\\\/2023\\\/02\\\/MCS_frei-768x480.jpg 768w, https:\\\/\\\/avant-age.live\\\/wp-content\\\/uploads\\\/2023\\\/02\\\/MCS_frei-18x12.jpg 18w, https:\\\/\\\/avant-age.live\\\/wp-content\\\/uploads\\\/2023\\\/02\\\/MCS_frei-130x81.jpg 130w, https:\\\/\\\/avant-age.live\\\/wp-content\\\/uploads\\\/2023\\\/02\\\/MCS_frei-600x375.jpg 600w&quot;}\" \/><\/figure>\n<\/div>\n\n\n\n<div class=\"wp-block-column is-layout-flow wp-block-column-is-layout-flow\" style=\"flex-basis:66.66%\">\n<p class=\"wp-block-paragraph\"><strong><a href=\"https:\/\/www.mtr-ag.ch\/Longevity-de\/mcs-multi-biohacking-system-de.html\/\">MCS MULTI-BIOHACKING SYSTEM:<\/a>&nbsp;<\/strong>Diese hochmoderne Ganzk\u00f6rper-Biohacking-Kammer ist eine Kombination aus&nbsp;<strong>Tiefenw\u00e4rme (FIR)<\/strong>,&nbsp;<strong>ionisiertem Sauerstoff&nbsp;<\/strong>und&nbsp;<strong>Photobiomodulation (PBM)<\/strong>&nbsp;in einer Behandlungs-Session. Eine moderne Stereosoundanlage erm\u00f6glicht zudem&nbsp;<strong>Neurostimulation<\/strong>&nbsp;mit speziellen Audio-Effekten. Ein ausgekl\u00fcgeltes&nbsp;<strong>Luftaustauschsystem<\/strong>&nbsp;mit Thermik-Effekt garantiert stets hygienisch saubere und frische Luft in der Kabine. Das Plus dieser Ganzk\u00f6rper-Kabine: die Behandlungen dauern nur 8 Minuten.<br>Eine optionale&nbsp;<strong>Aromatherapie<\/strong>, mit bis zu drei D\u00fcften in einer einzigen Session, sorgt f\u00fcr einzigartige Behandlungserlebnisse mit unvergleichlichen Resultaten, die vor allem auf das mentale Wohlbefinden einwirken.<\/p>\n<\/div>\n<\/div>\n\n\n\n<div style=\"height:50px\" aria-hidden=\"true\" class=\"wp-block-spacer\"><\/div>\n\n\n\n<hr class=\"wp-block-separator has-alpha-channel-opacity\"\/>\n\n\n\n<div style=\"height:50px\" aria-hidden=\"true\" class=\"wp-block-spacer\"><\/div>\n\n\n\n<h2 class=\"wp-block-heading has-text-align-center\">Haben Sie Fragen zum Thema?<\/h2>\n\n\n\n<p class=\"has-text-align-center wp-block-paragraph\">Wir stehen Ihnen gerne f\u00fcr weitere Informationen zur Verf\u00fcgung und beantworten Ihre Fragen pers\u00f6nlich.<\/p>\n\n\n\n<div style=\"height:10px\" aria-hidden=\"true\" class=\"wp-block-spacer\"><\/div>\n\n\n\n<div class=\"wp-block-buttons is-content-justification-center is-layout-flex wp-container-core-buttons-is-layout-3e41869c wp-block-buttons-is-layout-flex\">\n<div class=\"wp-block-button is-style-outline is-style-outline--1\"><a class=\"wp-block-button__link wp-element-button\" href=\"\/kontakt\" style=\"border-width:1px\">Jetzt Kontakt aufnehmen<\/a><\/div>\n<\/div>\n\n\n\n<p class=\"wp-block-paragraph\"><\/p>\n","protected":false},"excerpt":{"rendered":"<p>O in che modo l'energia a carica negativa ha un impatto positivo sulla salute e sulla bellezza naturale.<\/p>","protected":false},"author":1,"featured_media":61171,"comment_status":"closed","ping_status":"open","sticky":false,"template":"","format":"standard","meta":{"_acf_changed":false,"footnotes":""},"categories":[63,1],"tags":[2753],"blog_topic":[2724],"class_list":["post-61172","post","type-post","status-publish","format-standard","has-post-thumbnail","hentry","category-longevity","category-spa-aesthetic","tag-stendo","blog_topic-negativ-ionen-therapie"],"acf":[],"yoast_head":"<!-- This site is optimized with the Yoast SEO plugin v28.2 - https:\/\/yoast.com\/product\/yoast-seo-wordpress\/ -->\n<title>Powerstoff aus Sauerstoff<\/title>\n<meta name=\"description\" content=\"In diesem Beitrag m\u00f6chten wir aufzeigen, wie negativ geladene Ionen (O2(-)) die allgemeine Gesundheit und unseren Alterungsprozess positiv ...\" \/>\n<meta name=\"robots\" content=\"index, follow, max-snippet:-1, max-image-preview:large, max-video-preview:-1\" \/>\n<link rel=\"canonical\" href=\"https:\/\/avant-age.live\/it\/carburante-dallossigeno\/\" \/>\n<meta property=\"og:locale\" content=\"it_IT\" \/>\n<meta property=\"og:type\" content=\"article\" \/>\n<meta property=\"og:title\" content=\"Powerstoff aus Sauerstoff\" \/>\n<meta property=\"og:description\" content=\"In diesem Beitrag m\u00f6chten wir aufzeigen, wie negativ geladene Ionen (O2(-)) die allgemeine Gesundheit und unseren Alterungsprozess positiv ...\" \/>\n<meta property=\"og:url\" content=\"https:\/\/avant-age.live\/it\/carburante-dallossigeno\/\" \/>\n<meta property=\"og:site_name\" content=\"MTR Equipments\" \/>\n<meta property=\"article:published_time\" content=\"2023-02-17T04:06:00+00:00\" \/>\n<meta property=\"article:modified_time\" content=\"2026-08-31T10:43:29+00:00\" \/>\n<meta property=\"og:image\" content=\"https:\/\/avant-age.live\/wp-content\/uploads\/2026\/07\/Powerstoff-aus-Sauerstoff_Header_02.jpg\" \/>\n\t<meta property=\"og:image:width\" content=\"1289\" \/>\n\t<meta property=\"og:image:height\" content=\"725\" \/>\n\t<meta property=\"og:image:type\" content=\"image\/jpeg\" \/>\n<meta name=\"author\" content=\"admin\" \/>\n<meta name=\"twitter:card\" content=\"summary_large_image\" \/>\n<meta name=\"twitter:label1\" content=\"Scritto da\" \/>\n\t<meta name=\"twitter:data1\" content=\"admin\" \/>\n\t<meta name=\"twitter:label2\" content=\"Tempo di lettura stimato\" \/>\n\t<meta name=\"twitter:data2\" content=\"11 minuti\" \/>\n<script type=\"application\/ld+json\" class=\"yoast-schema-graph\">{\"@context\":\"https:\\\/\\\/schema.org\",\"@graph\":[{\"@type\":\"Article\",\"@id\":\"https:\\\/\\\/avant-age.live\\\/powerstoff-aus-sauerstoff\\\/#article\",\"isPartOf\":{\"@id\":\"https:\\\/\\\/avant-age.live\\\/powerstoff-aus-sauerstoff\\\/\"},\"author\":{\"name\":\"admin\",\"@id\":\"https:\\\/\\\/avant-age.live\\\/#\\\/schema\\\/person\\\/7de62dc13cf1d453150ab0ec05619386\"},\"headline\":\"Powerstoff aus Sauerstoff\",\"datePublished\":\"2023-02-17T04:06:00+00:00\",\"dateModified\":\"2026-08-31T10:43:29+00:00\",\"mainEntityOfPage\":{\"@id\":\"https:\\\/\\\/avant-age.live\\\/powerstoff-aus-sauerstoff\\\/\"},\"wordCount\":1875,\"image\":{\"@id\":\"https:\\\/\\\/avant-age.live\\\/powerstoff-aus-sauerstoff\\\/#primaryimage\"},\"thumbnailUrl\":\"https:\\\/\\\/avant-age.live\\\/wp-content\\\/uploads\\\/2026\\\/07\\\/Powerstoff-aus-Sauerstoff_Header_02.jpg\",\"keywords\":[\"Stendo\"],\"articleSection\":[\"Longevity\",\"Spa\\\/Aesthetic\"],\"inLanguage\":\"it-IT\"},{\"@type\":\"WebPage\",\"@id\":\"https:\\\/\\\/avant-age.live\\\/powerstoff-aus-sauerstoff\\\/\",\"url\":\"https:\\\/\\\/avant-age.live\\\/powerstoff-aus-sauerstoff\\\/\",\"name\":\"Powerstoff aus Sauerstoff\",\"isPartOf\":{\"@id\":\"https:\\\/\\\/avant-age.live\\\/#website\"},\"primaryImageOfPage\":{\"@id\":\"https:\\\/\\\/avant-age.live\\\/powerstoff-aus-sauerstoff\\\/#primaryimage\"},\"image\":{\"@id\":\"https:\\\/\\\/avant-age.live\\\/powerstoff-aus-sauerstoff\\\/#primaryimage\"},\"thumbnailUrl\":\"https:\\\/\\\/avant-age.live\\\/wp-content\\\/uploads\\\/2026\\\/07\\\/Powerstoff-aus-Sauerstoff_Header_02.jpg\",\"datePublished\":\"2023-02-17T04:06:00+00:00\",\"dateModified\":\"2026-08-31T10:43:29+00:00\",\"author\":{\"@id\":\"https:\\\/\\\/avant-age.live\\\/#\\\/schema\\\/person\\\/7de62dc13cf1d453150ab0ec05619386\"},\"description\":\"In diesem Beitrag m\u00f6chten wir aufzeigen, wie negativ geladene Ionen (O2(-)) die allgemeine Gesundheit und unseren Alterungsprozess positiv ...\",\"breadcrumb\":{\"@id\":\"https:\\\/\\\/avant-age.live\\\/powerstoff-aus-sauerstoff\\\/#breadcrumb\"},\"inLanguage\":\"it-IT\",\"potentialAction\":[{\"@type\":\"ReadAction\",\"target\":[\"https:\\\/\\\/avant-age.live\\\/powerstoff-aus-sauerstoff\\\/\"]}]},{\"@type\":\"ImageObject\",\"inLanguage\":\"it-IT\",\"@id\":\"https:\\\/\\\/avant-age.live\\\/powerstoff-aus-sauerstoff\\\/#primaryimage\",\"url\":\"https:\\\/\\\/avant-age.live\\\/wp-content\\\/uploads\\\/2026\\\/07\\\/Powerstoff-aus-Sauerstoff_Header_02.jpg\",\"contentUrl\":\"https:\\\/\\\/avant-age.live\\\/wp-content\\\/uploads\\\/2026\\\/07\\\/Powerstoff-aus-Sauerstoff_Header_02.jpg\",\"width\":1289,\"height\":725},{\"@type\":\"BreadcrumbList\",\"@id\":\"https:\\\/\\\/avant-age.live\\\/powerstoff-aus-sauerstoff\\\/#breadcrumb\",\"itemListElement\":[{\"@type\":\"ListItem\",\"position\":1,\"name\":\"Home\",\"item\":\"https:\\\/\\\/avant-age.live\\\/\"},{\"@type\":\"ListItem\",\"position\":2,\"name\":\"Powerstoff aus Sauerstoff\"}]},{\"@type\":\"WebSite\",\"@id\":\"https:\\\/\\\/avant-age.live\\\/#website\",\"url\":\"https:\\\/\\\/avant-age.live\\\/\",\"name\":\"MTR Equipments\",\"description\":\"\",\"potentialAction\":[{\"@type\":\"SearchAction\",\"target\":{\"@type\":\"EntryPoint\",\"urlTemplate\":\"https:\\\/\\\/avant-age.live\\\/?s={search_term_string}\"},\"query-input\":{\"@type\":\"PropertyValueSpecification\",\"valueRequired\":true,\"valueName\":\"search_term_string\"}}],\"inLanguage\":\"it-IT\"},{\"@type\":\"Person\",\"@id\":\"https:\\\/\\\/avant-age.live\\\/#\\\/schema\\\/person\\\/7de62dc13cf1d453150ab0ec05619386\",\"name\":\"admin\",\"image\":{\"@type\":\"ImageObject\",\"inLanguage\":\"it-IT\",\"@id\":\"https:\\\/\\\/secure.gravatar.com\\\/avatar\\\/767cd3a4a72d9c0b75e32b7b9db68a18c915e21cbee52732beb90310749a1b9d?s=96&d=https%3A%2F%2Favant-age.live%2Fwp-content%2Fthemes%2Fhello-theme-child-master%2Fassets%2Fimages%2Favatar.png&r=g\",\"url\":\"https:\\\/\\\/secure.gravatar.com\\\/avatar\\\/767cd3a4a72d9c0b75e32b7b9db68a18c915e21cbee52732beb90310749a1b9d?s=96&d=https%3A%2F%2Favant-age.live%2Fwp-content%2Fthemes%2Fhello-theme-child-master%2Fassets%2Fimages%2Favatar.png&r=g\",\"contentUrl\":\"https:\\\/\\\/secure.gravatar.com\\\/avatar\\\/767cd3a4a72d9c0b75e32b7b9db68a18c915e21cbee52732beb90310749a1b9d?s=96&d=https%3A%2F%2Favant-age.live%2Fwp-content%2Fthemes%2Fhello-theme-child-master%2Fassets%2Fimages%2Favatar.png&r=g\",\"caption\":\"admin\"},\"sameAs\":[\"https:\\\/\\\/avant-age.live\"]}]}<\/script>\n<!-- \/ Yoast SEO plugin. -->","yoast_head_json":{"title":"Carburante dall'ossigeno","description":"In questo articolo vogliamo mostrare come gli ioni caricati negativamente (O2(-)) influenzano positivamente la salute generale e il nostro processo di invecchiamento...","robots":{"index":"index","follow":"follow","max-snippet":"max-snippet:-1","max-image-preview":"max-image-preview:large","max-video-preview":"max-video-preview:-1"},"canonical":"https:\/\/avant-age.live\/it\/carburante-dallossigeno\/","og_locale":"it_IT","og_type":"article","og_title":"Powerstoff aus Sauerstoff","og_description":"In diesem Beitrag m\u00f6chten wir aufzeigen, wie negativ geladene Ionen (O2(-)) die allgemeine Gesundheit und unseren Alterungsprozess positiv ...","og_url":"https:\/\/avant-age.live\/it\/carburante-dallossigeno\/","og_site_name":"MTR Equipments","article_published_time":"2023-02-17T04:06:00+00:00","article_modified_time":"2026-08-31T10:43:29+00:00","og_image":[{"width":1289,"height":725,"url":"https:\/\/avant-age.live\/wp-content\/uploads\/2026\/07\/Powerstoff-aus-Sauerstoff_Header_02.jpg","type":"image\/jpeg"}],"author":"admin","twitter_card":"summary_large_image","twitter_misc":{"Scritto da":"admin","Tempo di lettura stimato":"11 minuti"},"schema":{"@context":"https:\/\/schema.org","@graph":[{"@type":"Article","@id":"https:\/\/avant-age.live\/powerstoff-aus-sauerstoff\/#article","isPartOf":{"@id":"https:\/\/avant-age.live\/powerstoff-aus-sauerstoff\/"},"author":{"name":"admin","@id":"https:\/\/avant-age.live\/#\/schema\/person\/7de62dc13cf1d453150ab0ec05619386"},"headline":"Powerstoff aus Sauerstoff","datePublished":"2023-02-17T04:06:00+00:00","dateModified":"2026-08-31T10:43:29+00:00","mainEntityOfPage":{"@id":"https:\/\/avant-age.live\/powerstoff-aus-sauerstoff\/"},"wordCount":1875,"image":{"@id":"https:\/\/avant-age.live\/powerstoff-aus-sauerstoff\/#primaryimage"},"thumbnailUrl":"https:\/\/avant-age.live\/wp-content\/uploads\/2026\/07\/Powerstoff-aus-Sauerstoff_Header_02.jpg","keywords":["Stendo"],"articleSection":["Longevity","Spa\/Aesthetic"],"inLanguage":"it-IT"},{"@type":"WebPage","@id":"https:\/\/avant-age.live\/powerstoff-aus-sauerstoff\/","url":"https:\/\/avant-age.live\/powerstoff-aus-sauerstoff\/","name":"Carburante dall'ossigeno","isPartOf":{"@id":"https:\/\/avant-age.live\/#website"},"primaryImageOfPage":{"@id":"https:\/\/avant-age.live\/powerstoff-aus-sauerstoff\/#primaryimage"},"image":{"@id":"https:\/\/avant-age.live\/powerstoff-aus-sauerstoff\/#primaryimage"},"thumbnailUrl":"https:\/\/avant-age.live\/wp-content\/uploads\/2026\/07\/Powerstoff-aus-Sauerstoff_Header_02.jpg","datePublished":"2023-02-17T04:06:00+00:00","dateModified":"2026-08-31T10:43:29+00:00","author":{"@id":"https:\/\/avant-age.live\/#\/schema\/person\/7de62dc13cf1d453150ab0ec05619386"},"description":"In questo articolo vogliamo mostrare come gli ioni caricati negativamente (O2(-)) influenzano positivamente la salute generale e il nostro processo di invecchiamento...","breadcrumb":{"@id":"https:\/\/avant-age.live\/powerstoff-aus-sauerstoff\/#breadcrumb"},"inLanguage":"it-IT","potentialAction":[{"@type":"ReadAction","target":["https:\/\/avant-age.live\/powerstoff-aus-sauerstoff\/"]}]},{"@type":"ImageObject","inLanguage":"it-IT","@id":"https:\/\/avant-age.live\/powerstoff-aus-sauerstoff\/#primaryimage","url":"https:\/\/avant-age.live\/wp-content\/uploads\/2026\/07\/Powerstoff-aus-Sauerstoff_Header_02.jpg","contentUrl":"https:\/\/avant-age.live\/wp-content\/uploads\/2026\/07\/Powerstoff-aus-Sauerstoff_Header_02.jpg","width":1289,"height":725},{"@type":"BreadcrumbList","@id":"https:\/\/avant-age.live\/powerstoff-aus-sauerstoff\/#breadcrumb","itemListElement":[{"@type":"ListItem","position":1,"name":"Home","item":"https:\/\/avant-age.live\/"},{"@type":"ListItem","position":2,"name":"Powerstoff aus Sauerstoff"}]},{"@type":"WebSite","@id":"https:\/\/avant-age.live\/#website","url":"https:\/\/avant-age.live\/","name":"Attrezzature MTR","description":"","potentialAction":[{"@type":"SearchAction","target":{"@type":"EntryPoint","urlTemplate":"https:\/\/avant-age.live\/?s={search_term_string}"},"query-input":{"@type":"PropertyValueSpecification","valueRequired":true,"valueName":"search_term_string"}}],"inLanguage":"it-IT"},{"@type":"Person","@id":"https:\/\/avant-age.live\/#\/schema\/person\/7de62dc13cf1d453150ab0ec05619386","name":"amministratore","image":{"@type":"ImageObject","inLanguage":"it-IT","@id":"https:\/\/secure.gravatar.com\/avatar\/767cd3a4a72d9c0b75e32b7b9db68a18c915e21cbee52732beb90310749a1b9d?s=96&d=https%3A%2F%2Favant-age.live%2Fwp-content%2Fthemes%2Fhello-theme-child-master%2Fassets%2Fimages%2Favatar.png&r=g","url":"https:\/\/secure.gravatar.com\/avatar\/767cd3a4a72d9c0b75e32b7b9db68a18c915e21cbee52732beb90310749a1b9d?s=96&d=https%3A%2F%2Favant-age.live%2Fwp-content%2Fthemes%2Fhello-theme-child-master%2Fassets%2Fimages%2Favatar.png&r=g","contentUrl":"https:\/\/secure.gravatar.com\/avatar\/767cd3a4a72d9c0b75e32b7b9db68a18c915e21cbee52732beb90310749a1b9d?s=96&d=https%3A%2F%2Favant-age.live%2Fwp-content%2Fthemes%2Fhello-theme-child-master%2Fassets%2Fimages%2Favatar.png&r=g","caption":"admin"},"sameAs":["https:\/\/avant-age.live"]}]}},"_links":{"self":[{"href":"https:\/\/avant-age.live\/it\/wp-json\/wp\/v2\/posts\/61172","targetHints":{"allow":["GET"]}}],"collection":[{"href":"https:\/\/avant-age.live\/it\/wp-json\/wp\/v2\/posts"}],"about":[{"href":"https:\/\/avant-age.live\/it\/wp-json\/wp\/v2\/types\/post"}],"author":[{"embeddable":true,"href":"https:\/\/avant-age.live\/it\/wp-json\/wp\/v2\/users\/1"}],"replies":[{"embeddable":true,"href":"https:\/\/avant-age.live\/it\/wp-json\/wp\/v2\/comments?post=61172"}],"version-history":[{"count":1,"href":"https:\/\/avant-age.live\/it\/wp-json\/wp\/v2\/posts\/61172\/revisions"}],"predecessor-version":[{"id":61179,"href":"https:\/\/avant-age.live\/it\/wp-json\/wp\/v2\/posts\/61172\/revisions\/61179"}],"wp:featuredmedia":[{"embeddable":true,"href":"https:\/\/avant-age.live\/it\/wp-json\/wp\/v2\/media\/61171"}],"wp:attachment":[{"href":"https:\/\/avant-age.live\/it\/wp-json\/wp\/v2\/media?parent=61172"}],"wp:term":[{"taxonomy":"category","embeddable":true,"href":"https:\/\/avant-age.live\/it\/wp-json\/wp\/v2\/categories?post=61172"},{"taxonomy":"post_tag","embeddable":true,"href":"https:\/\/avant-age.live\/it\/wp-json\/wp\/v2\/tags?post=61172"},{"taxonomy":"blog_topic","embeddable":true,"href":"https:\/\/avant-age.live\/it\/wp-json\/wp\/v2\/blog_topic?post=61172"}],"curies":[{"name":"wp","href":"https:\/\/api.w.org\/{rel}","templated":true}]}}