{"id":60893,"date":"2024-01-25T08:31:00","date_gmt":"2024-01-25T08:31:00","guid":{"rendered":"https:\/\/avant-age.live\/?p=60893"},"modified":"2026-07-21T07:03:13","modified_gmt":"2026-07-21T07:03:13","slug":"crioterapia-come-prevenzione-di-burnout-stress-depressione","status":"publish","type":"post","link":"https:\/\/avant-age.live\/it\/kaeltetherapie-als-praevention-von-burnout-stress-depression\/","title":{"rendered":"Crioterapia come prevenzione di burnout, stress e depressione"},"content":{"rendered":"<p class=\"wp-block-paragraph\">La pressione legata alle scadenze e alle prestazioni porta a stress, depressione e burnout. Secondo un&nbsp;<a href=\"https:\/\/www.seco.admin.ch\/seco\/de\/home\/seco\/nsb-news.msg-id-97402.html\">Sondaggio<\/a>, che la Segreteria di Stato dell'economia (SECO) ha condotto nel 2021 nell'ambito di un'indagine europea, il ritmo di lavoro e la pressione delle scadenze non sono cos\u00ec alti in nessun'altra parte d'Europa come in Svizzera. Un'ulteriore&nbsp;<a href=\"https:\/\/www.swica.ch\/de\/ueber-swica\/medien\/medienstelle\/medienmitteilungen\/2022\/studie-krankschreibungen-aus-psychischen-gruenden\">Studi<\/a>&nbsp;Su incarico di SWICA, la pi\u00f9 grande compagnia assicurativa svizzera nel settore delle indennit\u00e0 giornaliere per malattia, nel 2020 \u00e8 emerso che il 57 % di tutti i giorni di assenza per motivi psichici era legato a conflitti sul posto di lavoro.<\/p>\n\n\n\n<div style=\"height:50px\" aria-hidden=\"true\" class=\"wp-block-spacer\"><\/div>\n\n\n\n<h3 class=\"wp-block-heading\">I burnout e i costi conseguenti<\/h3>\n\n\n\n<p class=\"wp-block-paragraph\">I costi dovuti a malattie da burnout hanno causato danni considerevoli a livello macroeconomico e aziendale. In cifre, ci\u00f2 corrisponde a circa 6,5 miliardi di franchi svizzeri all'anno in tutta la Svizzera. Questa cifra impressionante suscita in molti luoghi un grande interesse a fermare tali sviluppi.<\/p>\n\n\n\n<div class=\"wp-block-columns are-vertically-aligned-center is-layout-flex wp-container-core-columns-is-layout-7387b849 wp-block-columns-is-layout-flex\">\n<div class=\"wp-block-column is-vertically-aligned-center is-layout-flow wp-block-column-is-layout-flow\" style=\"flex-basis:33.33%\">\n<figure class=\"wp-block-image size-full\"><img fetchpriority=\"high\" decoding=\"async\" width=\"800\" height=\"500\" src=\"https:\/\/avant-age.live\/wp-content\/smush-webp\/2024\/01\/AoC_Burnout_02.jpg.webp\" alt=\"\" class=\"wp-image-60894\" srcset=\"https:\/\/avant-age.live\/wp-content\/smush-webp\/2024\/01\/AoC_Burnout_02.jpg.webp 800w, https:\/\/avant-age.live\/wp-content\/smush-webp\/2024\/01\/AoC_Burnout_02-300x188.jpg.webp 300w, https:\/\/avant-age.live\/wp-content\/smush-webp\/2024\/01\/AoC_Burnout_02-768x480.jpg.webp 768w, https:\/\/avant-age.live\/wp-content\/smush-webp\/2024\/01\/AoC_Burnout_02-18x12.jpg.webp 18w, https:\/\/avant-age.live\/wp-content\/smush-webp\/2024\/01\/AoC_Burnout_02-130x81.jpg.webp 130w, https:\/\/avant-age.live\/wp-content\/smush-webp\/2024\/01\/AoC_Burnout_02-600x375.jpg.webp 600w\" sizes=\"(max-width: 800px) 100vw, 800px\" data-smush-webp-fallback=\"{&quot;src&quot;:&quot;https:\\\/\\\/avant-age.live\\\/wp-content\\\/uploads\\\/2024\\\/01\\\/AoC_Burnout_02.jpg&quot;,&quot;srcset&quot;:&quot;https:\\\/\\\/avant-age.live\\\/wp-content\\\/uploads\\\/2024\\\/01\\\/AoC_Burnout_02.jpg 800w, https:\\\/\\\/avant-age.live\\\/wp-content\\\/uploads\\\/2024\\\/01\\\/AoC_Burnout_02-300x188.jpg 300w, https:\\\/\\\/avant-age.live\\\/wp-content\\\/uploads\\\/2024\\\/01\\\/AoC_Burnout_02-768x480.jpg 768w, https:\\\/\\\/avant-age.live\\\/wp-content\\\/uploads\\\/2024\\\/01\\\/AoC_Burnout_02-18x12.jpg 18w, https:\\\/\\\/avant-age.live\\\/wp-content\\\/uploads\\\/2024\\\/01\\\/AoC_Burnout_02-130x81.jpg 130w, https:\\\/\\\/avant-age.live\\\/wp-content\\\/uploads\\\/2024\\\/01\\\/AoC_Burnout_02-600x375.jpg 600w&quot;}\" \/><\/figure>\n<\/div>\n\n\n\n<div class=\"wp-block-column is-vertically-aligned-center is-layout-flow wp-block-column-is-layout-flow\" style=\"flex-basis:66.66%\">\n<p class=\"wp-block-paragraph\">Il carico fisico e psicologico pu\u00f2 essere efficacemente combattuto per le persone colpite, ad esempio attraverso l'addestramento alla resilienza nell'ambito della gestione della salute aziendale. Non possiamo impedire n\u00e9 lo stress n\u00e9 la pressione delle scadenze nella vita lavorativa quotidiana, ma possiamo migliorare significativamente la nostra capacit\u00e0 di affrontarli e prevenire cos\u00ec la depressione e la sindrome da burnout attraverso misure preventive, invece di dover ricorrere in seguito a terapie costose e lunghe.<\/p>\n<\/div>\n<\/div>\n\n\n\n<div style=\"height:50px\" aria-hidden=\"true\" class=\"wp-block-spacer\"><\/div>\n\n\n\n<h3 class=\"wp-block-heading\">Un approccio risolutivo: la terapia del freddo<\/h3>\n\n\n\n<p class=\"wp-block-paragraph\">L'uso della terapia del freddo total corporeo in ambito aziendale supporta efficacemente l'addestramento alla resilienza aziendale. Applicazioni regolari del freddo total corporeo nel&nbsp;<a href=\"https:\/\/www.mtr-ag.ch\/Longevity-de\/cryokammern-de.html\/\">Camere criogeniche ad alte prestazioni di Art of Cryo<\/a>&nbsp;aumentano la forma fisica e mentale e svolgono quindi un ruolo attivo in un'efficace prevenzione del burnout. Un trattamento criogenico da 1,5 a 5 minuti porta immediatamente a una vitalizzazione delle funzioni corporee centrali, a una sensazione corporea rinfrescante e piacevole e a un notevole miglioramento dell'umore grazie al rilascio di numerosi \u201eormoni della felicit\u00e0\u201c.<\/p>\n\n\n\n<div style=\"height:25px\" aria-hidden=\"true\" class=\"wp-block-spacer\"><\/div>\n\n\n\n<div class=\"wp-block-columns are-vertically-aligned-center is-layout-flex wp-container-core-columns-is-layout-7387b849 wp-block-columns-is-layout-flex\">\n<div class=\"wp-block-column is-vertically-aligned-center is-layout-flow wp-block-column-is-layout-flow\" style=\"flex-basis:33.33%\">\n<figure class=\"wp-block-image size-full\"><img decoding=\"async\" width=\"800\" height=\"500\" data-src=\"https:\/\/avant-age.live\/wp-content\/smush-webp\/2024\/01\/AoC_Team.jpg.webp\" alt=\"\" class=\"wp-image-60895 lazyload\" data-srcset=\"https:\/\/avant-age.live\/wp-content\/smush-webp\/2024\/01\/AoC_Team.jpg.webp 800w, https:\/\/avant-age.live\/wp-content\/smush-webp\/2024\/01\/AoC_Team-300x188.jpg.webp 300w, https:\/\/avant-age.live\/wp-content\/smush-webp\/2024\/01\/AoC_Team-768x480.jpg.webp 768w, https:\/\/avant-age.live\/wp-content\/smush-webp\/2024\/01\/AoC_Team-18x12.jpg.webp 18w, https:\/\/avant-age.live\/wp-content\/smush-webp\/2024\/01\/AoC_Team-130x81.jpg.webp 130w, https:\/\/avant-age.live\/wp-content\/smush-webp\/2024\/01\/AoC_Team-600x375.jpg.webp 600w\" data-sizes=\"auto\" src=\"data:image\/svg+xml;base64,PHN2ZyB3aWR0aD0iMSIgaGVpZ2h0PSIxIiB4bWxucz0iaHR0cDovL3d3dy53My5vcmcvMjAwMC9zdmciPjwvc3ZnPg==\" style=\"--smush-placeholder-width: 800px; --smush-placeholder-aspect-ratio: 800\/500;\" data-original-sizes=\"(max-width: 800px) 100vw, 800px\" data-smush-webp-fallback=\"{&quot;data-src&quot;:&quot;https:\\\/\\\/avant-age.live\\\/wp-content\\\/uploads\\\/2024\\\/01\\\/AoC_Team.jpg&quot;,&quot;data-srcset&quot;:&quot;https:\\\/\\\/avant-age.live\\\/wp-content\\\/uploads\\\/2024\\\/01\\\/AoC_Team.jpg 800w, https:\\\/\\\/avant-age.live\\\/wp-content\\\/uploads\\\/2024\\\/01\\\/AoC_Team-300x188.jpg 300w, https:\\\/\\\/avant-age.live\\\/wp-content\\\/uploads\\\/2024\\\/01\\\/AoC_Team-768x480.jpg 768w, https:\\\/\\\/avant-age.live\\\/wp-content\\\/uploads\\\/2024\\\/01\\\/AoC_Team-18x12.jpg 18w, https:\\\/\\\/avant-age.live\\\/wp-content\\\/uploads\\\/2024\\\/01\\\/AoC_Team-130x81.jpg 130w, https:\\\/\\\/avant-age.live\\\/wp-content\\\/uploads\\\/2024\\\/01\\\/AoC_Team-600x375.jpg 600w&quot;}\" \/><\/figure>\n<\/div>\n\n\n\n<div class=\"wp-block-column is-vertically-aligned-center is-layout-flow wp-block-column-is-layout-flow\" style=\"flex-basis:66.66%\">\n<h5 class=\"wp-block-heading\">Gli aspetti positivi della terapia del freddo:<\/h5>\n\n\n\n<ul class=\"wp-block-list\">\n<li>migliora le prestazioni<\/li>\n\n\n\n<li>aiuta a dare pi\u00f9 energia<\/li>\n\n\n\n<li>allevia il dolore in caso di dolori acuti e cronici<\/li>\n\n\n\n<li>aiuta a contrastare l'emicrania<\/li>\n\n\n\n<li>la forte produzione di endorfine contrasta la depressione e la sindrome da burnout<\/li>\n\n\n\n<li>rafforza il sistema immunitario<\/li>\n\n\n\n<li>ha un effetto rilassante su corpo e mente<\/li>\n\n\n\n<li>riduce i livelli di stress<\/li>\n\n\n\n<li>uvm<\/li>\n<\/ul>\n<\/div>\n<\/div>\n\n\n\n<div style=\"height:50px\" aria-hidden=\"true\" class=\"wp-block-spacer\"><\/div>\n\n\n\n<h3 class=\"wp-block-heading\">in conclusione<\/h3>\n\n\n\n<p class=\"wp-block-paragraph\">L'utilizzo regolare delle camere di crioterapia ad alte prestazioni di Art of Cryo nella vita aziendale quotidiana pu\u00f2 non solo supportare un training di resilienza aziendale, ma anche aumentare sensibilmente il benessere e le prestazioni dei dipendenti e migliorare il clima lavorativo.<\/p>\n\n\n\n<div class=\"wp-block-columns are-vertically-aligned-center is-layout-flex wp-container-core-columns-is-layout-7387b849 wp-block-columns-is-layout-flex\">\n<div class=\"wp-block-column is-vertically-aligned-center is-layout-flow wp-block-column-is-layout-flow\" style=\"flex-basis:33.33%\">\n<figure class=\"wp-block-image size-full\"><img decoding=\"async\" width=\"800\" height=\"500\" data-src=\"https:\/\/avant-age.live\/wp-content\/smush-webp\/2024\/01\/AoC_kaeltekammer.jpg.webp\" alt=\"\" class=\"wp-image-60896 lazyload\" data-srcset=\"https:\/\/avant-age.live\/wp-content\/smush-webp\/2024\/01\/AoC_kaeltekammer.jpg.webp 800w, https:\/\/avant-age.live\/wp-content\/smush-webp\/2024\/01\/AoC_kaeltekammer-300x188.jpg.webp 300w, https:\/\/avant-age.live\/wp-content\/smush-webp\/2024\/01\/AoC_kaeltekammer-768x480.jpg.webp 768w, https:\/\/avant-age.live\/wp-content\/smush-webp\/2024\/01\/AoC_kaeltekammer-18x12.jpg.webp 18w, https:\/\/avant-age.live\/wp-content\/smush-webp\/2024\/01\/AoC_kaeltekammer-130x81.jpg.webp 130w, https:\/\/avant-age.live\/wp-content\/smush-webp\/2024\/01\/AoC_kaeltekammer-600x375.jpg.webp 600w\" data-sizes=\"auto\" src=\"data:image\/svg+xml;base64,PHN2ZyB3aWR0aD0iMSIgaGVpZ2h0PSIxIiB4bWxucz0iaHR0cDovL3d3dy53My5vcmcvMjAwMC9zdmciPjwvc3ZnPg==\" style=\"--smush-placeholder-width: 800px; --smush-placeholder-aspect-ratio: 800\/500;\" data-original-sizes=\"(max-width: 800px) 100vw, 800px\" data-smush-webp-fallback=\"{&quot;data-src&quot;:&quot;https:\\\/\\\/avant-age.live\\\/wp-content\\\/uploads\\\/2024\\\/01\\\/AoC_kaeltekammer.jpg&quot;,&quot;data-srcset&quot;:&quot;https:\\\/\\\/avant-age.live\\\/wp-content\\\/uploads\\\/2024\\\/01\\\/AoC_kaeltekammer.jpg 800w, https:\\\/\\\/avant-age.live\\\/wp-content\\\/uploads\\\/2024\\\/01\\\/AoC_kaeltekammer-300x188.jpg 300w, https:\\\/\\\/avant-age.live\\\/wp-content\\\/uploads\\\/2024\\\/01\\\/AoC_kaeltekammer-768x480.jpg 768w, https:\\\/\\\/avant-age.live\\\/wp-content\\\/uploads\\\/2024\\\/01\\\/AoC_kaeltekammer-18x12.jpg 18w, https:\\\/\\\/avant-age.live\\\/wp-content\\\/uploads\\\/2024\\\/01\\\/AoC_kaeltekammer-130x81.jpg 130w, https:\\\/\\\/avant-age.live\\\/wp-content\\\/uploads\\\/2024\\\/01\\\/AoC_kaeltekammer-600x375.jpg 600w&quot;}\" \/><\/figure>\n<\/div>\n\n\n\n<div class=\"wp-block-column is-vertically-aligned-center is-layout-flow wp-block-column-is-layout-flow\" style=\"flex-basis:66.66%\">\n<p class=\"wp-block-paragraph\">Ulteriori informazioni sono disponibili qui<\/p>\n\n\n\n<div class=\"wp-block-buttons is-content-justification-left is-layout-flex wp-container-core-buttons-is-layout-b192c3d7 wp-block-buttons-is-layout-flex\">\n<div class=\"wp-block-button is-style-outline is-style-outline--1\"><a class=\"wp-block-button__link wp-element-button\" href=\"https:\/\/www.mtr-ag.ch\/Longevity-de\/cryokammern-de.html\/\" style=\"border-width:1px\">Camere criogeniche Art of cryo<\/a><\/div>\n<\/div>\n<\/div>\n<\/div>\n\n\n\n<div style=\"height:50px\" aria-hidden=\"true\" class=\"wp-block-spacer\"><\/div>\n\n\n\n<hr class=\"wp-block-separator has-alpha-channel-opacity\"\/>\n\n\n\n<div style=\"height:50px\" aria-hidden=\"true\" class=\"wp-block-spacer\"><\/div>\n\n\n\n<h2 class=\"wp-block-heading has-text-align-center\">Hai domande sull'argomento?<\/h2>\n\n\n\n<p class=\"has-text-align-center wp-block-paragraph\">Siamo a vostra disposizione per ulteriori informazioni e per rispondere personalmente alle vostre domande.<\/p>\n\n\n\n<div style=\"height:10px\" aria-hidden=\"true\" class=\"wp-block-spacer\"><\/div>\n\n\n\n<div class=\"wp-block-buttons is-content-justification-center is-layout-flex wp-container-core-buttons-is-layout-3e41869c wp-block-buttons-is-layout-flex\">\n<div class=\"wp-block-button is-style-outline is-style-outline--2\"><a class=\"wp-block-button__link wp-element-button\" href=\"\/it\/contatti\/\" style=\"border-width:1px\">Contattaci ora<\/a><\/div>\n<\/div>\n\n\n\n<p class=\"wp-block-paragraph\"><\/p>","protected":false},"excerpt":{"rendered":"<p>Se nel secolo scorso lo sforzo fisico sul lavoro e la scarsa consapevolezza della sicurezza erano le cause principali dell'inabilit\u00e0 al lavoro di origine professionale, oggi le cause dell'inabilit\u00e0 al lavoro risiedono sempre pi\u00f9 nel nostro ambiente socio-economico.<\/p>","protected":false},"author":1,"featured_media":60892,"comment_status":"closed","ping_status":"open","sticky":false,"template":"","format":"standard","meta":{"_acf_changed":false,"footnotes":""},"categories":[63,1],"tags":[],"blog_topic":[2746,2747],"class_list":["post-60893","post","type-post","status-publish","format-standard","has-post-thumbnail","hentry","category-longevity","category-spa-aesthetic","blog_topic-cryotherapie","blog_topic-mental-wellbeing"],"acf":[],"yoast_head":"<!-- This site is optimized with the Yoast SEO plugin v28.2 - https:\/\/yoast.com\/product\/yoast-seo-wordpress\/ -->\n<title>K\u00e4ltetherapie als Pr\u00e4vention von Burnout, Stress &amp; Depression - MTR Equipments<\/title>\n<meta name=\"robots\" content=\"index, follow, max-snippet:-1, max-image-preview:large, max-video-preview:-1\" \/>\n<link rel=\"canonical\" href=\"https:\/\/avant-age.live\/it\/crioterapia-come-prevenzione-di-burnout-stress-depressione\/\" \/>\n<meta property=\"og:locale\" content=\"it_IT\" \/>\n<meta property=\"og:type\" content=\"article\" \/>\n<meta property=\"og:title\" content=\"K\u00e4ltetherapie als Pr\u00e4vention von Burnout, Stress &amp; Depression - MTR Equipments\" \/>\n<meta property=\"og:description\" content=\"Waren im vergangenen Jahrhundert die k\u00f6rperliche Belastung bei der Arbeit und mangelndes Sicherheitsbewusstsein Hauptursachen f\u00fcr betrieblich bedingte Arbeitsunf\u00e4higkeit, so liegen die Ursachen f\u00fcr Arbeitsunf\u00e4higkeit heute zunehmend in unserem sozio-\u00f6konomischen Umfeld.\" \/>\n<meta property=\"og:url\" content=\"https:\/\/avant-age.live\/it\/crioterapia-come-prevenzione-di-burnout-stress-depressione\/\" \/>\n<meta property=\"og:site_name\" content=\"MTR Equipments\" \/>\n<meta property=\"article:published_time\" content=\"2024-01-25T08:31:00+00:00\" \/>\n<meta property=\"article:modified_time\" content=\"2026-07-21T07:03:13+00:00\" \/>\n<meta property=\"og:image\" content=\"https:\/\/avant-age.live\/wp-content\/uploads\/2026\/07\/AoC_header.webp\" \/>\n\t<meta property=\"og:image:width\" content=\"1500\" \/>\n\t<meta property=\"og:image:height\" content=\"725\" \/>\n\t<meta property=\"og:image:type\" content=\"image\/webp\" \/>\n<meta name=\"author\" content=\"admin\" \/>\n<meta name=\"twitter:card\" content=\"summary_large_image\" \/>\n<meta name=\"twitter:label1\" content=\"Scritto da\" \/>\n\t<meta name=\"twitter:data1\" content=\"admin\" \/>\n\t<meta name=\"twitter:label2\" content=\"Tempo di lettura stimato\" \/>\n\t<meta name=\"twitter:data2\" content=\"3 minuti\" \/>\n<script type=\"application\/ld+json\" class=\"yoast-schema-graph\">{\"@context\":\"https:\\\/\\\/schema.org\",\"@graph\":[{\"@type\":\"Article\",\"@id\":\"https:\\\/\\\/avant-age.live\\\/kaeltetherapie-als-praevention-von-burnout-stress-depression\\\/#article\",\"isPartOf\":{\"@id\":\"https:\\\/\\\/avant-age.live\\\/kaeltetherapie-als-praevention-von-burnout-stress-depression\\\/\"},\"author\":{\"name\":\"admin\",\"@id\":\"https:\\\/\\\/avant-age.live\\\/#\\\/schema\\\/person\\\/7de62dc13cf1d453150ab0ec05619386\"},\"headline\":\"K\u00e4ltetherapie als Pr\u00e4vention von Burnout, Stress &#038; Depression\",\"datePublished\":\"2024-01-25T08:31:00+00:00\",\"dateModified\":\"2026-07-21T07:03:13+00:00\",\"mainEntityOfPage\":{\"@id\":\"https:\\\/\\\/avant-age.live\\\/kaeltetherapie-als-praevention-von-burnout-stress-depression\\\/\"},\"wordCount\":398,\"image\":{\"@id\":\"https:\\\/\\\/avant-age.live\\\/kaeltetherapie-als-praevention-von-burnout-stress-depression\\\/#primaryimage\"},\"thumbnailUrl\":\"https:\\\/\\\/avant-age.live\\\/wp-content\\\/uploads\\\/2026\\\/07\\\/AoC_header.webp\",\"articleSection\":[\"Longevity\",\"Spa\\\/Aesthetic\"],\"inLanguage\":\"it-IT\"},{\"@type\":\"WebPage\",\"@id\":\"https:\\\/\\\/avant-age.live\\\/kaeltetherapie-als-praevention-von-burnout-stress-depression\\\/\",\"url\":\"https:\\\/\\\/avant-age.live\\\/kaeltetherapie-als-praevention-von-burnout-stress-depression\\\/\",\"name\":\"K\u00e4ltetherapie als Pr\u00e4vention von Burnout, Stress & Depression - MTR Equipments\",\"isPartOf\":{\"@id\":\"https:\\\/\\\/avant-age.live\\\/#website\"},\"primaryImageOfPage\":{\"@id\":\"https:\\\/\\\/avant-age.live\\\/kaeltetherapie-als-praevention-von-burnout-stress-depression\\\/#primaryimage\"},\"image\":{\"@id\":\"https:\\\/\\\/avant-age.live\\\/kaeltetherapie-als-praevention-von-burnout-stress-depression\\\/#primaryimage\"},\"thumbnailUrl\":\"https:\\\/\\\/avant-age.live\\\/wp-content\\\/uploads\\\/2026\\\/07\\\/AoC_header.webp\",\"datePublished\":\"2024-01-25T08:31:00+00:00\",\"dateModified\":\"2026-07-21T07:03:13+00:00\",\"author\":{\"@id\":\"https:\\\/\\\/avant-age.live\\\/#\\\/schema\\\/person\\\/7de62dc13cf1d453150ab0ec05619386\"},\"breadcrumb\":{\"@id\":\"https:\\\/\\\/avant-age.live\\\/kaeltetherapie-als-praevention-von-burnout-stress-depression\\\/#breadcrumb\"},\"inLanguage\":\"it-IT\",\"potentialAction\":[{\"@type\":\"ReadAction\",\"target\":[\"https:\\\/\\\/avant-age.live\\\/kaeltetherapie-als-praevention-von-burnout-stress-depression\\\/\"]}]},{\"@type\":\"ImageObject\",\"inLanguage\":\"it-IT\",\"@id\":\"https:\\\/\\\/avant-age.live\\\/kaeltetherapie-als-praevention-von-burnout-stress-depression\\\/#primaryimage\",\"url\":\"https:\\\/\\\/avant-age.live\\\/wp-content\\\/uploads\\\/2026\\\/07\\\/AoC_header.webp\",\"contentUrl\":\"https:\\\/\\\/avant-age.live\\\/wp-content\\\/uploads\\\/2026\\\/07\\\/AoC_header.webp\",\"width\":1500,\"height\":725},{\"@type\":\"BreadcrumbList\",\"@id\":\"https:\\\/\\\/avant-age.live\\\/kaeltetherapie-als-praevention-von-burnout-stress-depression\\\/#breadcrumb\",\"itemListElement\":[{\"@type\":\"ListItem\",\"position\":1,\"name\":\"Home\",\"item\":\"https:\\\/\\\/avant-age.live\\\/\"},{\"@type\":\"ListItem\",\"position\":2,\"name\":\"K\u00e4ltetherapie als Pr\u00e4vention von Burnout, Stress &#038; Depression\"}]},{\"@type\":\"WebSite\",\"@id\":\"https:\\\/\\\/avant-age.live\\\/#website\",\"url\":\"https:\\\/\\\/avant-age.live\\\/\",\"name\":\"MTR Equipments\",\"description\":\"\",\"potentialAction\":[{\"@type\":\"SearchAction\",\"target\":{\"@type\":\"EntryPoint\",\"urlTemplate\":\"https:\\\/\\\/avant-age.live\\\/?s={search_term_string}\"},\"query-input\":{\"@type\":\"PropertyValueSpecification\",\"valueRequired\":true,\"valueName\":\"search_term_string\"}}],\"inLanguage\":\"it-IT\"},{\"@type\":\"Person\",\"@id\":\"https:\\\/\\\/avant-age.live\\\/#\\\/schema\\\/person\\\/7de62dc13cf1d453150ab0ec05619386\",\"name\":\"admin\",\"image\":{\"@type\":\"ImageObject\",\"inLanguage\":\"it-IT\",\"@id\":\"https:\\\/\\\/secure.gravatar.com\\\/avatar\\\/767cd3a4a72d9c0b75e32b7b9db68a18c915e21cbee52732beb90310749a1b9d?s=96&d=https%3A%2F%2Favant-age.live%2Fwp-content%2Fthemes%2Fhello-theme-child-master%2Fassets%2Fimages%2Favatar.png&r=g\",\"url\":\"https:\\\/\\\/secure.gravatar.com\\\/avatar\\\/767cd3a4a72d9c0b75e32b7b9db68a18c915e21cbee52732beb90310749a1b9d?s=96&d=https%3A%2F%2Favant-age.live%2Fwp-content%2Fthemes%2Fhello-theme-child-master%2Fassets%2Fimages%2Favatar.png&r=g\",\"contentUrl\":\"https:\\\/\\\/secure.gravatar.com\\\/avatar\\\/767cd3a4a72d9c0b75e32b7b9db68a18c915e21cbee52732beb90310749a1b9d?s=96&d=https%3A%2F%2Favant-age.live%2Fwp-content%2Fthemes%2Fhello-theme-child-master%2Fassets%2Fimages%2Favatar.png&r=g\",\"caption\":\"admin\"},\"sameAs\":[\"https:\\\/\\\/avant-age.live\"]}]}<\/script>\n<!-- \/ Yoast SEO plugin. -->","yoast_head_json":{"title":"Crioterapia come prevenzione di burnout, stress e depressione - MTR Equipments","robots":{"index":"index","follow":"follow","max-snippet":"max-snippet:-1","max-image-preview":"max-image-preview:large","max-video-preview":"max-video-preview:-1"},"canonical":"https:\/\/avant-age.live\/it\/crioterapia-come-prevenzione-di-burnout-stress-depressione\/","og_locale":"it_IT","og_type":"article","og_title":"K\u00e4ltetherapie als Pr\u00e4vention von Burnout, Stress & Depression - MTR Equipments","og_description":"Waren im vergangenen Jahrhundert die k\u00f6rperliche Belastung bei der Arbeit und mangelndes Sicherheitsbewusstsein Hauptursachen f\u00fcr betrieblich bedingte Arbeitsunf\u00e4higkeit, so liegen die Ursachen f\u00fcr Arbeitsunf\u00e4higkeit heute zunehmend in unserem sozio-\u00f6konomischen Umfeld.","og_url":"https:\/\/avant-age.live\/it\/crioterapia-come-prevenzione-di-burnout-stress-depressione\/","og_site_name":"MTR Equipments","article_published_time":"2024-01-25T08:31:00+00:00","article_modified_time":"2026-07-21T07:03:13+00:00","og_image":[{"width":1500,"height":725,"url":"https:\/\/avant-age.live\/wp-content\/uploads\/2026\/07\/AoC_header.webp","type":"image\/webp"}],"author":"admin","twitter_card":"summary_large_image","twitter_misc":{"Scritto da":"admin","Tempo di lettura stimato":"3 minuti"},"schema":{"@context":"https:\/\/schema.org","@graph":[{"@type":"Article","@id":"https:\/\/avant-age.live\/kaeltetherapie-als-praevention-von-burnout-stress-depression\/#article","isPartOf":{"@id":"https:\/\/avant-age.live\/kaeltetherapie-als-praevention-von-burnout-stress-depression\/"},"author":{"name":"admin","@id":"https:\/\/avant-age.live\/#\/schema\/person\/7de62dc13cf1d453150ab0ec05619386"},"headline":"K\u00e4ltetherapie als Pr\u00e4vention von Burnout, Stress &#038; Depression","datePublished":"2024-01-25T08:31:00+00:00","dateModified":"2026-07-21T07:03:13+00:00","mainEntityOfPage":{"@id":"https:\/\/avant-age.live\/kaeltetherapie-als-praevention-von-burnout-stress-depression\/"},"wordCount":398,"image":{"@id":"https:\/\/avant-age.live\/kaeltetherapie-als-praevention-von-burnout-stress-depression\/#primaryimage"},"thumbnailUrl":"https:\/\/avant-age.live\/wp-content\/uploads\/2026\/07\/AoC_header.webp","articleSection":["Longevity","Spa\/Aesthetic"],"inLanguage":"it-IT"},{"@type":"WebPage","@id":"https:\/\/avant-age.live\/kaeltetherapie-als-praevention-von-burnout-stress-depression\/","url":"https:\/\/avant-age.live\/kaeltetherapie-als-praevention-von-burnout-stress-depression\/","name":"Crioterapia come prevenzione di burnout, stress e depressione - MTR Equipments","isPartOf":{"@id":"https:\/\/avant-age.live\/#website"},"primaryImageOfPage":{"@id":"https:\/\/avant-age.live\/kaeltetherapie-als-praevention-von-burnout-stress-depression\/#primaryimage"},"image":{"@id":"https:\/\/avant-age.live\/kaeltetherapie-als-praevention-von-burnout-stress-depression\/#primaryimage"},"thumbnailUrl":"https:\/\/avant-age.live\/wp-content\/uploads\/2026\/07\/AoC_header.webp","datePublished":"2024-01-25T08:31:00+00:00","dateModified":"2026-07-21T07:03:13+00:00","author":{"@id":"https:\/\/avant-age.live\/#\/schema\/person\/7de62dc13cf1d453150ab0ec05619386"},"breadcrumb":{"@id":"https:\/\/avant-age.live\/kaeltetherapie-als-praevention-von-burnout-stress-depression\/#breadcrumb"},"inLanguage":"it-IT","potentialAction":[{"@type":"ReadAction","target":["https:\/\/avant-age.live\/kaeltetherapie-als-praevention-von-burnout-stress-depression\/"]}]},{"@type":"ImageObject","inLanguage":"it-IT","@id":"https:\/\/avant-age.live\/kaeltetherapie-als-praevention-von-burnout-stress-depression\/#primaryimage","url":"https:\/\/avant-age.live\/wp-content\/uploads\/2026\/07\/AoC_header.webp","contentUrl":"https:\/\/avant-age.live\/wp-content\/uploads\/2026\/07\/AoC_header.webp","width":1500,"height":725},{"@type":"BreadcrumbList","@id":"https:\/\/avant-age.live\/kaeltetherapie-als-praevention-von-burnout-stress-depression\/#breadcrumb","itemListElement":[{"@type":"ListItem","position":1,"name":"Home","item":"https:\/\/avant-age.live\/"},{"@type":"ListItem","position":2,"name":"K\u00e4ltetherapie als Pr\u00e4vention von Burnout, Stress &#038; Depression"}]},{"@type":"WebSite","@id":"https:\/\/avant-age.live\/#website","url":"https:\/\/avant-age.live\/","name":"Attrezzature MTR","description":"","potentialAction":[{"@type":"SearchAction","target":{"@type":"EntryPoint","urlTemplate":"https:\/\/avant-age.live\/?s={search_term_string}"},"query-input":{"@type":"PropertyValueSpecification","valueRequired":true,"valueName":"search_term_string"}}],"inLanguage":"it-IT"},{"@type":"Person","@id":"https:\/\/avant-age.live\/#\/schema\/person\/7de62dc13cf1d453150ab0ec05619386","name":"amministratore","image":{"@type":"ImageObject","inLanguage":"it-IT","@id":"https:\/\/secure.gravatar.com\/avatar\/767cd3a4a72d9c0b75e32b7b9db68a18c915e21cbee52732beb90310749a1b9d?s=96&d=https%3A%2F%2Favant-age.live%2Fwp-content%2Fthemes%2Fhello-theme-child-master%2Fassets%2Fimages%2Favatar.png&r=g","url":"https:\/\/secure.gravatar.com\/avatar\/767cd3a4a72d9c0b75e32b7b9db68a18c915e21cbee52732beb90310749a1b9d?s=96&d=https%3A%2F%2Favant-age.live%2Fwp-content%2Fthemes%2Fhello-theme-child-master%2Fassets%2Fimages%2Favatar.png&r=g","contentUrl":"https:\/\/secure.gravatar.com\/avatar\/767cd3a4a72d9c0b75e32b7b9db68a18c915e21cbee52732beb90310749a1b9d?s=96&d=https%3A%2F%2Favant-age.live%2Fwp-content%2Fthemes%2Fhello-theme-child-master%2Fassets%2Fimages%2Favatar.png&r=g","caption":"admin"},"sameAs":["https:\/\/avant-age.live"]}]}},"_links":{"self":[{"href":"https:\/\/avant-age.live\/it\/wp-json\/wp\/v2\/posts\/60893","targetHints":{"allow":["GET"]}}],"collection":[{"href":"https:\/\/avant-age.live\/it\/wp-json\/wp\/v2\/posts"}],"about":[{"href":"https:\/\/avant-age.live\/it\/wp-json\/wp\/v2\/types\/post"}],"author":[{"embeddable":true,"href":"https:\/\/avant-age.live\/it\/wp-json\/wp\/v2\/users\/1"}],"replies":[{"embeddable":true,"href":"https:\/\/avant-age.live\/it\/wp-json\/wp\/v2\/comments?post=60893"}],"version-history":[{"count":1,"href":"https:\/\/avant-age.live\/it\/wp-json\/wp\/v2\/posts\/60893\/revisions"}],"predecessor-version":[{"id":60897,"href":"https:\/\/avant-age.live\/it\/wp-json\/wp\/v2\/posts\/60893\/revisions\/60897"}],"wp:featuredmedia":[{"embeddable":true,"href":"https:\/\/avant-age.live\/it\/wp-json\/wp\/v2\/media\/60892"}],"wp:attachment":[{"href":"https:\/\/avant-age.live\/it\/wp-json\/wp\/v2\/media?parent=60893"}],"wp:term":[{"taxonomy":"category","embeddable":true,"href":"https:\/\/avant-age.live\/it\/wp-json\/wp\/v2\/categories?post=60893"},{"taxonomy":"post_tag","embeddable":true,"href":"https:\/\/avant-age.live\/it\/wp-json\/wp\/v2\/tags?post=60893"},{"taxonomy":"blog_topic","embeddable":true,"href":"https:\/\/avant-age.live\/it\/wp-json\/wp\/v2\/blog_topic?post=60893"}],"curies":[{"name":"wp","href":"https:\/\/api.w.org\/{rel}","templated":true}]}}