{"id":60570,"date":"2022-11-28T11:25:00","date_gmt":"2022-11-28T11:25:00","guid":{"rendered":"https:\/\/avant-age.live\/?p=60570"},"modified":"2026-08-31T10:40:49","modified_gmt":"2026-08-31T10:40:49","slug":"terapia-a-ioni-negativi-gli-effetti-positivi-degli-ioni-negativi","status":"publish","type":"post","link":"https:\/\/avant-age.live\/it\/negativ-ionen-therapie-die-positive-wirkung-negativer-ionen\/","title":{"rendered":"Terapia con ioni negativi: L'effetto positivo degli ioni negativi"},"content":{"rendered":"<h2 class=\"wp-block-heading\">Ioni negativi \u2013 un aiuto efficace contro l'invecchiamento cutaneo e i problemi della pelle<\/h2>\n\n\n\n<p class=\"wp-block-paragraph\">Una pelle sana, giovane e fresca e meno rughe. Incontri questo desiderio quotidianamente in istituto. Anche le persone con problemi di pelle come acne, psoriasi o cicatrici si rivolgono a te con i loro problemi cutanei. Puoi aiutarle efficacemente con una terapia a base di ossigeno. Che cos'\u00e8 esattamente una terapia a base di ossigeno o al plasma e qual \u00e8 il suo effetto?<br><br>L'ossigeno ionizzato negativamente (plasma) stimola il metabolismo cellulare e pu\u00f2 ritardare l'invecchiamento cutaneo. Con il trattamento a luce colorata si attivano la produzione di collagene e si rinforza il tessuto connettivo, migliorando la rigenerazione e l'aspetto della pelle. Inoltre, calma i nervi e rafforza il sistema immunitario. Aspetto non del tutto trascurabile nei mesi freddi e con poca luce.<\/p>\n\n\n\n<div style=\"height:50px\" aria-hidden=\"true\" class=\"wp-block-spacer\"><\/div>\n\n\n\n<h2 class=\"wp-block-heading\">Gi\u00e0 Einstein descrisse il principio degli ioni negativi<\/h2>\n\n\n\n<p class=\"wp-block-paragraph\">Negli anni Venti del secolo scorso Albert Einstein tesseva le lodi dell'elettricit\u00e0 nell'aria delle montagne di Davos. E sosteneva che l'essere umano \u00e8 probabilmente un essere elettrico. Tutti i processi metabolici si basano sullo scambio di particelle elettriche cariche positivamente e negativamente. E a Davos ci sono semplicemente pi\u00f9 particelle elettriche, che assorbiamo con l'aria che respiriamo, rispetto ad altrove. Gi\u00e0 questo sarebbe benefico per la nostra vitalit\u00e0 fisica e mentale.<br><br>Questo approccio \u00e8 stato poi ulteriormente elaborato nella medicina orientata alla fisica quantistica. Lo ritroviamo nella balneologia, nella medicina termale e nella cosiddetta aeroionoterapia. E da qualche anno questo approccio esiste anche nella cosmetica. Ad esempio, la terapia a emissione di ioni negativi produce veri e propri miracoli nella cura del viso curativa e nell'anti-aging.<\/p>\n\n\n\n<div style=\"height:50px\" aria-hidden=\"true\" class=\"wp-block-spacer\"><\/div>\n\n\n\n<div class=\"wp-block-columns is-layout-flex wp-container-core-columns-is-layout-7387b849 wp-block-columns-is-layout-flex\">\n<div class=\"wp-block-column is-layout-flow wp-block-column-is-layout-flow\">\n<figure class=\"wp-block-image size-full\"><img fetchpriority=\"high\" decoding=\"async\" width=\"800\" height=\"500\" src=\"https:\/\/avant-age.live\/wp-content\/smush-webp\/2026\/07\/PLT-Haube_04.jpg.webp\" alt=\"\" class=\"wp-image-60572\" srcset=\"https:\/\/avant-age.live\/wp-content\/smush-webp\/2026\/07\/PLT-Haube_04.jpg.webp 800w, https:\/\/avant-age.live\/wp-content\/smush-webp\/2026\/07\/PLT-Haube_04-300x188.jpg.webp 300w, https:\/\/avant-age.live\/wp-content\/smush-webp\/2026\/07\/PLT-Haube_04-768x480.jpg.webp 768w, https:\/\/avant-age.live\/wp-content\/smush-webp\/2026\/07\/PLT-Haube_04-18x12.jpg.webp 18w, https:\/\/avant-age.live\/wp-content\/smush-webp\/2026\/07\/PLT-Haube_04-130x81.jpg.webp 130w, https:\/\/avant-age.live\/wp-content\/smush-webp\/2026\/07\/PLT-Haube_04-600x375.jpg.webp 600w\" sizes=\"(max-width: 800px) 100vw, 800px\" data-smush-webp-fallback=\"{&quot;src&quot;:&quot;https:\\\/\\\/avant-age.live\\\/wp-content\\\/uploads\\\/2026\\\/07\\\/PLT-Haube_04.jpg&quot;,&quot;srcset&quot;:&quot;https:\\\/\\\/avant-age.live\\\/wp-content\\\/uploads\\\/2026\\\/07\\\/PLT-Haube_04.jpg 800w, https:\\\/\\\/avant-age.live\\\/wp-content\\\/uploads\\\/2026\\\/07\\\/PLT-Haube_04-300x188.jpg 300w, https:\\\/\\\/avant-age.live\\\/wp-content\\\/uploads\\\/2026\\\/07\\\/PLT-Haube_04-768x480.jpg 768w, https:\\\/\\\/avant-age.live\\\/wp-content\\\/uploads\\\/2026\\\/07\\\/PLT-Haube_04-18x12.jpg 18w, https:\\\/\\\/avant-age.live\\\/wp-content\\\/uploads\\\/2026\\\/07\\\/PLT-Haube_04-130x81.jpg 130w, https:\\\/\\\/avant-age.live\\\/wp-content\\\/uploads\\\/2026\\\/07\\\/PLT-Haube_04-600x375.jpg 600w&quot;}\" \/><\/figure>\n<\/div>\n\n\n\n<div class=\"wp-block-column is-layout-flow wp-block-column-is-layout-flow\">\n<h2 class=\"wp-block-heading\">Cos'\u00e8 la terapia a ioni negativi?<\/h2>\n\n\n\n<p class=\"wp-block-paragraph\">La terapia a ioni negativi o terapia al plasma \u00e8 un trattamento alternativo per la salute e la bellezza con un effetto straordinario. Si basa sull'idea che il nostro corpo abbia bisogno di ossigeno di alta qualit\u00e0. Gli esperti della pelle concordano su questo: la causa principale dell'invecchiamento \u2013 e in particolare dell'invecchiamento cutaneo \u2013 \u00e8 la mancanza di ossigeno. E non conta solo la quantit\u00e0 di ossigeno, ma soprattutto la sua qualit\u00e0. Si intende la qualit\u00e0 energetica dell'ossigeno.<br><br>Ogni molecola di ossigeno \u00e8 circondata da particelle elettriche, gli ioni. Tra questi vi sono ioni positivi e negativi. Entrambi hanno effetti diversi sull'organismo umano. Se vi sono pi\u00f9 ioni positivi che negativi, questi si sviluppano in radicali liberi dell'ossigeno e attaccano le cellule. Il corpo possiede s\u00ec dei sistemi di difesa per combattere questi radicali, ma se ci sono troppi ioni positivi, il sistema immunitario viene danneggiato. Inizia cos\u00ec la degenerazione del corpo umano e il processo di invecchiamento. Ne \u00e8 colpita soprattutto la pelle. Gli ioni positivi contribuiscono al processo di invecchiamento, mentre quelli negativi lo rallentano.<\/p>\n\n\n\n<p class=\"wp-block-paragraph\">I dispositivi di alta qualit\u00e0 della gamma MTR Equipments \u2013 come la cuffia PLT o il sistema MCS Multi-Biohacking \u2013 contrastano questo fenomeno. Essi forniscono alla pelle dei clienti ioni negativi rivitalizzanti.<\/p>\n<\/div>\n<\/div>\n\n\n\n<div style=\"height:50px\" aria-hidden=\"true\" class=\"wp-block-spacer\"><\/div>\n\n\n\n<div class=\"wp-block-columns is-layout-flex wp-container-core-columns-is-layout-7387b849 wp-block-columns-is-layout-flex\">\n<div class=\"wp-block-column is-layout-flow wp-block-column-is-layout-flow\">\n<h2 class=\"wp-block-heading\">I ioni positivi e negativi esistono naturalmente nell'aria<\/h2>\n\n\n\n<p class=\"wp-block-paragraph\">Per vivere abbiamo bisogno di ioni positivi e negativi. Entrambi interagiscono tra loro generando cos\u00ec energia vitale. Il problema sorge quando il rapporto tra ioni negativi e positivi non \u00e8 pi\u00f9 corretto! In questo caso, un eccesso di ioni positivi \u00e8 dannoso.<br><br>Gli ioni positivi (cationi), insieme ai radicali liberi, causano l'ossidazione delle cellule, aumentando cos\u00ec l'acidit\u00e0 del sangue. In questo modo indeboliscono il sistema nervoso e immunitario e accelerano l'invecchiamento. Un eccesso di ioni positivi nel corpo umano porta, tra le altre cose, a stanchezza, depressione, irritabilit\u00e0 e pressione alta.<\/p>\n\n\n\n<p class=\"wp-block-paragraph\">Gli ioni negativi (anioni) sono presenti in particolare concentrazione nelle foreste, vicino alle cascate e dopo un temporale. Sostengono il sistema immunitario e il rinnovo delle cellule cutanee riducendo i radicali liberi. Gli ioni negativi neutralizzano inoltre gli ioni positivi. Contribuiscono a una maggiore efficienza e al buon umore e ritardano il processo di invecchiamento. Riducono inoltre i microbi, neutralizzano gli odori e possono agglomerare la polvere.<\/p>\n<\/div>\n\n\n\n<div class=\"wp-block-column is-layout-flow wp-block-column-is-layout-flow\">\n<figure class=\"wp-block-image size-full\"><img decoding=\"async\" width=\"800\" height=\"500\" data-src=\"https:\/\/avant-age.live\/wp-content\/smush-webp\/2026\/07\/negativ-ionen-therapie-beitragsbild-1-november-2022.jpg.webp\" alt=\"\" class=\"wp-image-60573 lazyload\" data-srcset=\"https:\/\/avant-age.live\/wp-content\/smush-webp\/2026\/07\/negativ-ionen-therapie-beitragsbild-1-november-2022.jpg.webp 800w, https:\/\/avant-age.live\/wp-content\/smush-webp\/2026\/07\/negativ-ionen-therapie-beitragsbild-1-november-2022-300x188.jpg.webp 300w, https:\/\/avant-age.live\/wp-content\/smush-webp\/2026\/07\/negativ-ionen-therapie-beitragsbild-1-november-2022-768x480.jpg.webp 768w, https:\/\/avant-age.live\/wp-content\/smush-webp\/2026\/07\/negativ-ionen-therapie-beitragsbild-1-november-2022-18x12.jpg.webp 18w, https:\/\/avant-age.live\/wp-content\/smush-webp\/2026\/07\/negativ-ionen-therapie-beitragsbild-1-november-2022-130x81.jpg.webp 130w, https:\/\/avant-age.live\/wp-content\/smush-webp\/2026\/07\/negativ-ionen-therapie-beitragsbild-1-november-2022-600x375.jpg.webp 600w\" data-sizes=\"auto\" src=\"data:image\/svg+xml;base64,PHN2ZyB3aWR0aD0iMSIgaGVpZ2h0PSIxIiB4bWxucz0iaHR0cDovL3d3dy53My5vcmcvMjAwMC9zdmciPjwvc3ZnPg==\" style=\"--smush-placeholder-width: 800px; --smush-placeholder-aspect-ratio: 800\/500;\" data-original-sizes=\"(max-width: 800px) 100vw, 800px\" data-smush-webp-fallback=\"{&quot;data-src&quot;:&quot;https:\\\/\\\/avant-age.live\\\/wp-content\\\/uploads\\\/2026\\\/07\\\/negativ-ionen-therapie-beitragsbild-1-november-2022.jpg&quot;,&quot;data-srcset&quot;:&quot;https:\\\/\\\/avant-age.live\\\/wp-content\\\/uploads\\\/2026\\\/07\\\/negativ-ionen-therapie-beitragsbild-1-november-2022.jpg 800w, https:\\\/\\\/avant-age.live\\\/wp-content\\\/uploads\\\/2026\\\/07\\\/negativ-ionen-therapie-beitragsbild-1-november-2022-300x188.jpg 300w, https:\\\/\\\/avant-age.live\\\/wp-content\\\/uploads\\\/2026\\\/07\\\/negativ-ionen-therapie-beitragsbild-1-november-2022-768x480.jpg 768w, https:\\\/\\\/avant-age.live\\\/wp-content\\\/uploads\\\/2026\\\/07\\\/negativ-ionen-therapie-beitragsbild-1-november-2022-18x12.jpg 18w, https:\\\/\\\/avant-age.live\\\/wp-content\\\/uploads\\\/2026\\\/07\\\/negativ-ionen-therapie-beitragsbild-1-november-2022-130x81.jpg 130w, https:\\\/\\\/avant-age.live\\\/wp-content\\\/uploads\\\/2026\\\/07\\\/negativ-ionen-therapie-beitragsbild-1-november-2022-600x375.jpg 600w&quot;}\" \/><\/figure>\n<\/div>\n<\/div>\n\n\n\n<div style=\"height:50px\" aria-hidden=\"true\" class=\"wp-block-spacer\"><\/div>\n\n\n\n<h2 class=\"wp-block-heading\">Perch\u00e9 la concentrazione di ioni positivi nell'ambiente \u00e8 cos\u00ec alta?<\/h2>\n\n\n\n<p class=\"wp-block-paragraph\">In un ambiente sano il rapporto tra ioni positivi e negativi \u00e8 circa lo stesso. A causa del nostro stile di vita moderno, dell'inquinamento ambientale e dell'elettrosmog della tecnologia moderna, questo rapporto viene gravemente alterato. Una quantit\u00e0 sana di ioni negativi \u00e8 di 1.000 per centimetro cubo, un valore ottimale sarebbe di 2.000 per centimetro cubo. In realt\u00e0, negli appartamenti nel centro della citt\u00e0 si misurano valori inferiori a 100 per centimetro cubo! Negli uffici con PC e fotocopiatrici il valore risulta ancora pi\u00f9 basso.<br><br>I ioni positivi sono generati da dispositivi elettronici come telefoni cellulari, PC, stampanti e fotocopiatrici. Vengono prodotti dallo smog e dai gas di scarico, dai tubi fluorescenti e dai condizionatori d'aria. Anche i pesticidi e gli additivi alimentari provocano un eccesso di ioni positivi. A ci\u00f2 si aggiunge il fatto che gli edifici disperdono i ioni negativi. Non c'\u00e8 da stupirsi quindi se ci si sente stanchi e debilitati dopo una lunga giornata in ufficio o in citt\u00e0. La pelle appare vecchia, grigia e rugosa! Qui potete fare veri e propri miracoli con la cuffia PLT per l'anti-aging della gamma MTR \u2013 Health &amp; Spa AG, rifornendo la pelle dei clienti di rivitalizzanti ioni negativi. Oggi il medical wellness \u00e8 pi\u00f9 di moda che mai!<\/p>\n\n\n\n<div style=\"height:50px\" aria-hidden=\"true\" class=\"wp-block-spacer\"><\/div>\n\n\n\n<h2 class=\"wp-block-heading\">Perch\u00e9 la terapia aioni negativi rallenta il processo di invecchiamento?<\/h2>\n\n\n\n<p class=\"wp-block-paragraph\">Le molecole di ossigeno arricchite con ioni negativi neutralizzano gli ioni positivi generati da radiazioni o tossine ambientali. Questi ioni carichi negativamente hanno un effetto benefico sulla salute e sul benessere e rallentano inoltre il processo di invecchiamento. Gli ioni positivi, insieme ai radicali liberi, causano l'ossidazione delle cellule in tutto il corpo. Aumentano l'acidit\u00e0 del sangue, indeboliscono il sistema immunitario e il sistema nervoso, portando a un invecchiamento precoce.<br><br>Gli ioni negativi entrano nel corpo attraverso l'aria che respiriamo, ma vengono anche assorbiti attraverso la pelle. Migliorano l'epidermide e il tessuto sottocutaneo e hanno un effetto positivo sul ringiovanimento della pelle e sulla divisione cellulare. Sono quindi considerati tra i trattamenti di bellezza pi\u00f9 popolari. Migliorano anche le malattie della pelle come psoriasi, acne, ustioni e orticaria. Gli ioni negativi neutralizzano gli acidi nell'interstizio, favorendo cos\u00ec la sintesi del collagene. Hanno anche un effetto positivo sul sistema nervoso: i livelli di serotonina aumentano, iperattivit\u00e0, stress e stanchezza svaniscono. Gli ioni negativi migliorano la circolazione sanguigna, abbassano la pressione sanguigna e favoriscono la purificazione del sangue. L'eliminazione delle tossine e un forte sistema immunitario hanno un effetto positivo sul benessere generale e sull'aspetto esteriore.<\/p>\n\n\n\n<div style=\"height:50px\" aria-hidden=\"true\" class=\"wp-block-spacer\"><\/div>\n\n\n\n<h2 class=\"wp-block-heading\">Dermionologie\u00ae \u2013 il \u00abqualcosa in pi\u00f9\u00bb per un anti-aging e una rivitalizzazione naturali<\/h2>\n\n\n\n<p class=\"wp-block-paragraph\">Fornire al corpo un numero sufficiente di ioni negativi pu\u00f2 avvenire in modo naturale, come durante una passeggiata nei boschi, in montagna, lungo un fiume o al mare. Funziona per\u00f2 anche in via tecnologica con la terapia a ioni negativi del programma MTR. Se in un bosco ci sono 2.500 ioni negativi nell'aria, un generatore di ioni negativi pu\u00f2 rifornire rapidamente e comodamente il corpo con fino a 5 milioni di ioni negativi per centimetro cubo e pi\u00f9.<br>Con la cuffia PLT o il sistema Multi-Biohacking MCS avete a disposizione metodi innovativi in grado di rallentare l'invecchiamento cutaneo e la degenerazione.<\/p>\n\n\n\n<div style=\"height:50px\" aria-hidden=\"true\" class=\"wp-block-spacer\"><\/div>\n\n\n\n<h2 class=\"wp-block-heading\">Come funziona la terapia al plasma con trattamento a luce cromatica<\/h2>\n\n\n\n<p class=\"wp-block-paragraph\">I dispositivi Medical Beauty della gamma MTR ottengono ioni negativi quasi esclusivamente dall'aria circostante tramite un generatore. L'aria arricchita di ioni viene inalata attraverso la respirazione o assorbita dalla pelle. Il trattamento avviene quindi senza bombola di ossigeno e non richiede alcuna formazione specifica. Se si combina la terapia con ioni negativi e la fotobiomodulazione, l'effetto pu\u00f2 essere ulteriormente potenziato, poich\u00e9 le due terapie si innescano a vicenda.<\/p>\n\n\n\n<div class=\"wp-block-columns is-layout-flex wp-container-core-columns-is-layout-7387b849 wp-block-columns-is-layout-flex\">\n<div class=\"wp-block-column is-layout-flow wp-block-column-is-layout-flow\">\n<figure class=\"wp-block-image alignleft size-full\"><img decoding=\"async\" width=\"800\" height=\"500\" data-src=\"https:\/\/avant-age.live\/wp-content\/smush-webp\/2026\/07\/PLT-Haube.jpg.webp\" alt=\"\" class=\"wp-image-60574 lazyload\" data-srcset=\"https:\/\/avant-age.live\/wp-content\/smush-webp\/2026\/07\/PLT-Haube.jpg.webp 800w, https:\/\/avant-age.live\/wp-content\/smush-webp\/2026\/07\/PLT-Haube-300x188.jpg.webp 300w, https:\/\/avant-age.live\/wp-content\/smush-webp\/2026\/07\/PLT-Haube-768x480.jpg.webp 768w, https:\/\/avant-age.live\/wp-content\/smush-webp\/2026\/07\/PLT-Haube-18x12.jpg.webp 18w, https:\/\/avant-age.live\/wp-content\/smush-webp\/2026\/07\/PLT-Haube-130x81.jpg.webp 130w, https:\/\/avant-age.live\/wp-content\/smush-webp\/2026\/07\/PLT-Haube-600x375.jpg.webp 600w\" data-sizes=\"auto\" src=\"data:image\/svg+xml;base64,PHN2ZyB3aWR0aD0iMSIgaGVpZ2h0PSIxIiB4bWxucz0iaHR0cDovL3d3dy53My5vcmcvMjAwMC9zdmciPjwvc3ZnPg==\" style=\"--smush-placeholder-width: 800px; --smush-placeholder-aspect-ratio: 800\/500;\" data-original-sizes=\"(max-width: 800px) 100vw, 800px\" data-smush-webp-fallback=\"{&quot;data-src&quot;:&quot;https:\\\/\\\/avant-age.live\\\/wp-content\\\/uploads\\\/2026\\\/07\\\/PLT-Haube.jpg&quot;,&quot;data-srcset&quot;:&quot;https:\\\/\\\/avant-age.live\\\/wp-content\\\/uploads\\\/2026\\\/07\\\/PLT-Haube.jpg 800w, https:\\\/\\\/avant-age.live\\\/wp-content\\\/uploads\\\/2026\\\/07\\\/PLT-Haube-300x188.jpg 300w, https:\\\/\\\/avant-age.live\\\/wp-content\\\/uploads\\\/2026\\\/07\\\/PLT-Haube-768x480.jpg 768w, https:\\\/\\\/avant-age.live\\\/wp-content\\\/uploads\\\/2026\\\/07\\\/PLT-Haube-18x12.jpg 18w, https:\\\/\\\/avant-age.live\\\/wp-content\\\/uploads\\\/2026\\\/07\\\/PLT-Haube-130x81.jpg 130w, https:\\\/\\\/avant-age.live\\\/wp-content\\\/uploads\\\/2026\\\/07\\\/PLT-Haube-600x375.jpg 600w&quot;}\" \/><\/figure>\n<\/div>\n\n\n\n<div class=\"wp-block-column is-vertically-aligned-center is-layout-flow wp-block-column-is-layout-flow\">\n<h5 class=\"wp-block-heading\">Cuffia PLT \u2013 Plasma e Luce Colorata per la Salute della Pelle<\/h5>\n\n\n\n<p class=\"wp-block-paragraph\">La cuffia PLT \u00e8 una terapia a ioni negativi che fornisce al viso, alle vie respiratorie e all'intero organismo ioni di ossigeno di alta qualit\u00e0 e quindi energia vitale attraverso una cuffia in plexiglas. Il trattamento di cromoterapia di supporto potenzia ulteriormente gli effetti positivi. La pelle appare visibilmente pi\u00f9 giovane, la pelle problematica si normalizza e la salute della pelle migliora. L'intera persona si sente pi\u00f9 vitale, piena di energia e il metabolismo di tutto l'organismo viene attivato. Inoltre, il sistema immunitario viene rafforzato, il che rappresenta un ulteriore effetto positivo, soprattutto nei mesi invernali, quando si sta meno spesso all'aria aperta e ci si gode meno il sole.<\/p>\n<\/div>\n<\/div>\n\n\n\n<div style=\"height:25px\" aria-hidden=\"true\" class=\"wp-block-spacer\"><\/div>\n\n\n\n<div class=\"wp-block-columns is-layout-flex wp-container-core-columns-is-layout-7387b849 wp-block-columns-is-layout-flex\">\n<div class=\"wp-block-column is-layout-flow wp-block-column-is-layout-flow\">\n<figure class=\"wp-block-image alignleft size-full\"><img decoding=\"async\" width=\"800\" height=\"500\" data-src=\"https:\/\/avant-age.live\/wp-content\/smush-webp\/2026\/07\/MCS-Kammer.jpg.webp\" alt=\"\" class=\"wp-image-60575 lazyload\" data-srcset=\"https:\/\/avant-age.live\/wp-content\/smush-webp\/2026\/07\/MCS-Kammer.jpg.webp 800w, https:\/\/avant-age.live\/wp-content\/smush-webp\/2026\/07\/MCS-Kammer-300x188.jpg.webp 300w, https:\/\/avant-age.live\/wp-content\/smush-webp\/2026\/07\/MCS-Kammer-768x480.jpg.webp 768w, https:\/\/avant-age.live\/wp-content\/smush-webp\/2026\/07\/MCS-Kammer-18x12.jpg.webp 18w, https:\/\/avant-age.live\/wp-content\/smush-webp\/2026\/07\/MCS-Kammer-130x81.jpg.webp 130w, https:\/\/avant-age.live\/wp-content\/smush-webp\/2026\/07\/MCS-Kammer-600x375.jpg.webp 600w\" data-sizes=\"auto\" src=\"data:image\/svg+xml;base64,PHN2ZyB3aWR0aD0iMSIgaGVpZ2h0PSIxIiB4bWxucz0iaHR0cDovL3d3dy53My5vcmcvMjAwMC9zdmciPjwvc3ZnPg==\" style=\"--smush-placeholder-width: 800px; --smush-placeholder-aspect-ratio: 800\/500;\" data-original-sizes=\"(max-width: 800px) 100vw, 800px\" data-smush-webp-fallback=\"{&quot;data-src&quot;:&quot;https:\\\/\\\/avant-age.live\\\/wp-content\\\/uploads\\\/2026\\\/07\\\/MCS-Kammer.jpg&quot;,&quot;data-srcset&quot;:&quot;https:\\\/\\\/avant-age.live\\\/wp-content\\\/uploads\\\/2026\\\/07\\\/MCS-Kammer.jpg 800w, https:\\\/\\\/avant-age.live\\\/wp-content\\\/uploads\\\/2026\\\/07\\\/MCS-Kammer-300x188.jpg 300w, https:\\\/\\\/avant-age.live\\\/wp-content\\\/uploads\\\/2026\\\/07\\\/MCS-Kammer-768x480.jpg 768w, https:\\\/\\\/avant-age.live\\\/wp-content\\\/uploads\\\/2026\\\/07\\\/MCS-Kammer-18x12.jpg 18w, https:\\\/\\\/avant-age.live\\\/wp-content\\\/uploads\\\/2026\\\/07\\\/MCS-Kammer-130x81.jpg 130w, https:\\\/\\\/avant-age.live\\\/wp-content\\\/uploads\\\/2026\\\/07\\\/MCS-Kammer-600x375.jpg 600w&quot;}\" \/><\/figure>\n<\/div>\n\n\n\n<div class=\"wp-block-column is-vertically-aligned-center is-layout-flow wp-block-column-is-layout-flow\">\n<h5 class=\"wp-block-heading\">MCS \u2013 Multi-Biohacking-System<\/h5>\n\n\n\n<p class=\"wp-block-paragraph\">Questa nuovissima cabina per il biohacking total body \u00e8 una combinazione di calore profondo (FIR), ossigeno ionizzato e fotobiomodulazione (PBM) in un'unica sessione di trattamento. Un moderno sistema audio stereo consente inoltre la neurostimolazione con speciali effetti sonori. Un sofisticato sistema di ricambio d'aria con effetto termico garantisce aria sempre igienicamente pulita e fresca nella cabina. Il vantaggio di questa cabina per tutto il corpo: i trattamenti durano solo 8 minuti.<br>Un'aromaterapia opzionale, con un massimo di tre fragranze in un'unica sessione, offre esperienze di trattamento uniche con risultati incomparabili, che agiscono soprattutto sul benessere mentale.<\/p>\n<\/div>\n<\/div>\n\n\n\n<div style=\"height:50px\" aria-hidden=\"true\" class=\"wp-block-spacer\"><\/div>\n\n\n\n<hr class=\"wp-block-separator has-alpha-channel-opacity\"\/>\n\n\n\n<div style=\"height:50px\" aria-hidden=\"true\" class=\"wp-block-spacer\"><\/div>\n\n\n\n<h2 class=\"wp-block-heading has-text-align-center\">Hai domande sull'argomento?<\/h2>\n\n\n\n<p class=\"has-text-align-center wp-block-paragraph\">Siamo a vostra disposizione per ulteriori informazioni e per rispondere personalmente alle vostre domande.<\/p>\n\n\n\n<div style=\"height:10px\" aria-hidden=\"true\" class=\"wp-block-spacer\"><\/div>\n\n\n\n<div class=\"wp-block-buttons is-content-justification-center is-layout-flex wp-container-core-buttons-is-layout-3e41869c wp-block-buttons-is-layout-flex\">\n<div class=\"wp-block-button is-style-outline is-style-outline--1\"><a class=\"wp-block-button__link wp-element-button\" href=\"\/it\/contatti\/\" style=\"border-width:1px\">Contattaci ora<\/a><\/div>\n<\/div>\n\n\n\n<p class=\"wp-block-paragraph\"><\/p>","protected":false},"excerpt":{"rendered":"<p>La terapia a base di ioni negativi \u00e8 un trattamento che riduce efficacemente l'invecchiamento cutaneo; il risultato \u00e8 una pelle visibilmente pi\u00f9 liscia, tonica e fresca come quella di una volta. Questo effetto pu\u00f2 essere ulteriormente intensificato se combinato con la cromoterapia. La terapia a base di ioni negativi non dovrebbe quindi mancare in alcun programma di trattamento di un centro benessere o di bellezza. Ma perch\u00e9 gli ioni negativi funzionano cos\u00ec bene e come possono essere utilizzati in un trattamento di bellezza e benessere? Ve lo spieghiamo in questo blog.<\/p>","protected":false},"author":1,"featured_media":60594,"comment_status":"closed","ping_status":"open","sticky":false,"template":"","format":"standard","meta":{"_acf_changed":false,"footnotes":""},"categories":[63,1],"tags":[2722,2723,2721,2719,2720],"blog_topic":[2724],"class_list":["post-60570","post","type-post","status-publish","format-standard","has-post-thumbnail","hentry","category-longevity","category-spa-aesthetic","tag-anti-aging","tag-hautprobleme","tag-mcs","tag-negativ-ionen-therapie","tag-plt-haube","blog_topic-negativ-ionen-therapie"],"acf":[],"yoast_head":"<!-- This site is optimized with the Yoast SEO plugin v28.2 - https:\/\/yoast.com\/product\/yoast-seo-wordpress\/ -->\n<title>Negativ-Ionen-Therapie: Die positive Wirkung negativer Ionen<\/title>\n<meta name=\"description\" content=\"In diesem Beitrag erkl\u00e4ren wir mehr \u00fcber die Negativ-Ionen-Therapie und welche Ger\u00e4te Sie in diesem Verfahren einsetzen k\u00f6nnen\" \/>\n<meta name=\"robots\" content=\"index, follow, max-snippet:-1, max-image-preview:large, max-video-preview:-1\" \/>\n<link rel=\"canonical\" href=\"https:\/\/avant-age.live\/it\/terapia-a-ioni-negativi-gli-effetti-positivi-degli-ioni-negativi\/\" \/>\n<meta property=\"og:locale\" content=\"it_IT\" \/>\n<meta property=\"og:type\" content=\"article\" \/>\n<meta property=\"og:title\" content=\"Negativ-Ionen-Therapie: Die positive Wirkung negativer Ionen\" \/>\n<meta property=\"og:description\" content=\"In diesem Beitrag erkl\u00e4ren wir mehr \u00fcber die Negativ-Ionen-Therapie und welche Ger\u00e4te Sie in diesem Verfahren einsetzen k\u00f6nnen\" \/>\n<meta property=\"og:url\" content=\"https:\/\/avant-age.live\/it\/terapia-a-ioni-negativi-gli-effetti-positivi-degli-ioni-negativi\/\" \/>\n<meta property=\"og:site_name\" content=\"MTR Equipments\" \/>\n<meta property=\"article:published_time\" content=\"2022-11-28T11:25:00+00:00\" \/>\n<meta property=\"article:modified_time\" content=\"2026-08-31T10:40:49+00:00\" \/>\n<meta property=\"og:image\" content=\"https:\/\/avant-age.live\/wp-content\/uploads\/2022\/11\/negativ-ionen-therapie-titelbild-blogbeitrag.jpg\" \/>\n\t<meta property=\"og:image:width\" content=\"1087\" \/>\n\t<meta property=\"og:image:height\" content=\"725\" \/>\n\t<meta property=\"og:image:type\" content=\"image\/jpeg\" \/>\n<meta name=\"author\" content=\"admin\" \/>\n<meta name=\"twitter:card\" content=\"summary_large_image\" \/>\n<meta name=\"twitter:label1\" content=\"Scritto da\" \/>\n\t<meta name=\"twitter:data1\" content=\"admin\" \/>\n\t<meta name=\"twitter:label2\" content=\"Tempo di lettura stimato\" \/>\n\t<meta name=\"twitter:data2\" content=\"1 minuto\" \/>\n<script type=\"application\/ld+json\" class=\"yoast-schema-graph\">{\"@context\":\"https:\\\/\\\/schema.org\",\"@graph\":[{\"@type\":\"Article\",\"@id\":\"https:\\\/\\\/avant-age.live\\\/negativ-ionen-therapie-die-positive-wirkung-negativer-ionen\\\/#article\",\"isPartOf\":{\"@id\":\"https:\\\/\\\/avant-age.live\\\/negativ-ionen-therapie-die-positive-wirkung-negativer-ionen\\\/\"},\"author\":{\"name\":\"admin\",\"@id\":\"https:\\\/\\\/avant-age.live\\\/#\\\/schema\\\/person\\\/7de62dc13cf1d453150ab0ec05619386\"},\"headline\":\"Negativ-Ionen-Therapie: Die positive Wirkung negativer Ionen\",\"datePublished\":\"2022-11-28T11:25:00+00:00\",\"dateModified\":\"2026-08-31T10:40:49+00:00\",\"mainEntityOfPage\":{\"@id\":\"https:\\\/\\\/avant-age.live\\\/negativ-ionen-therapie-die-positive-wirkung-negativer-ionen\\\/\"},\"wordCount\":1421,\"image\":{\"@id\":\"https:\\\/\\\/avant-age.live\\\/negativ-ionen-therapie-die-positive-wirkung-negativer-ionen\\\/#primaryimage\"},\"thumbnailUrl\":\"https:\\\/\\\/avant-age.live\\\/wp-content\\\/uploads\\\/2022\\\/11\\\/negativ-ionen-therapie-titelbild-blogbeitrag.jpg\",\"keywords\":[\"anti-aging\",\"hautprobleme\",\"mcs\",\"negativ-ionen-therapie\",\"plt-haube\"],\"articleSection\":[\"Longevity\",\"Spa\\\/Aesthetic\"],\"inLanguage\":\"it-IT\"},{\"@type\":\"WebPage\",\"@id\":\"https:\\\/\\\/avant-age.live\\\/negativ-ionen-therapie-die-positive-wirkung-negativer-ionen\\\/\",\"url\":\"https:\\\/\\\/avant-age.live\\\/negativ-ionen-therapie-die-positive-wirkung-negativer-ionen\\\/\",\"name\":\"Negativ-Ionen-Therapie: Die positive Wirkung negativer Ionen\",\"isPartOf\":{\"@id\":\"https:\\\/\\\/avant-age.live\\\/#website\"},\"primaryImageOfPage\":{\"@id\":\"https:\\\/\\\/avant-age.live\\\/negativ-ionen-therapie-die-positive-wirkung-negativer-ionen\\\/#primaryimage\"},\"image\":{\"@id\":\"https:\\\/\\\/avant-age.live\\\/negativ-ionen-therapie-die-positive-wirkung-negativer-ionen\\\/#primaryimage\"},\"thumbnailUrl\":\"https:\\\/\\\/avant-age.live\\\/wp-content\\\/uploads\\\/2022\\\/11\\\/negativ-ionen-therapie-titelbild-blogbeitrag.jpg\",\"datePublished\":\"2022-11-28T11:25:00+00:00\",\"dateModified\":\"2026-08-31T10:40:49+00:00\",\"author\":{\"@id\":\"https:\\\/\\\/avant-age.live\\\/#\\\/schema\\\/person\\\/7de62dc13cf1d453150ab0ec05619386\"},\"description\":\"In diesem Beitrag erkl\u00e4ren wir mehr \u00fcber die Negativ-Ionen-Therapie und welche Ger\u00e4te Sie in diesem Verfahren einsetzen k\u00f6nnen\",\"breadcrumb\":{\"@id\":\"https:\\\/\\\/avant-age.live\\\/negativ-ionen-therapie-die-positive-wirkung-negativer-ionen\\\/#breadcrumb\"},\"inLanguage\":\"it-IT\",\"potentialAction\":[{\"@type\":\"ReadAction\",\"target\":[\"https:\\\/\\\/avant-age.live\\\/negativ-ionen-therapie-die-positive-wirkung-negativer-ionen\\\/\"]}]},{\"@type\":\"ImageObject\",\"inLanguage\":\"it-IT\",\"@id\":\"https:\\\/\\\/avant-age.live\\\/negativ-ionen-therapie-die-positive-wirkung-negativer-ionen\\\/#primaryimage\",\"url\":\"https:\\\/\\\/avant-age.live\\\/wp-content\\\/uploads\\\/2022\\\/11\\\/negativ-ionen-therapie-titelbild-blogbeitrag.jpg\",\"contentUrl\":\"https:\\\/\\\/avant-age.live\\\/wp-content\\\/uploads\\\/2022\\\/11\\\/negativ-ionen-therapie-titelbild-blogbeitrag.jpg\",\"width\":1087,\"height\":725,\"caption\":\"Negativ Ionen Titelbild\"},{\"@type\":\"BreadcrumbList\",\"@id\":\"https:\\\/\\\/avant-age.live\\\/negativ-ionen-therapie-die-positive-wirkung-negativer-ionen\\\/#breadcrumb\",\"itemListElement\":[{\"@type\":\"ListItem\",\"position\":1,\"name\":\"Home\",\"item\":\"https:\\\/\\\/avant-age.live\\\/\"},{\"@type\":\"ListItem\",\"position\":2,\"name\":\"Negativ-Ionen-Therapie: Die positive Wirkung negativer Ionen\"}]},{\"@type\":\"WebSite\",\"@id\":\"https:\\\/\\\/avant-age.live\\\/#website\",\"url\":\"https:\\\/\\\/avant-age.live\\\/\",\"name\":\"MTR Equipments\",\"description\":\"\",\"potentialAction\":[{\"@type\":\"SearchAction\",\"target\":{\"@type\":\"EntryPoint\",\"urlTemplate\":\"https:\\\/\\\/avant-age.live\\\/?s={search_term_string}\"},\"query-input\":{\"@type\":\"PropertyValueSpecification\",\"valueRequired\":true,\"valueName\":\"search_term_string\"}}],\"inLanguage\":\"it-IT\"},{\"@type\":\"Person\",\"@id\":\"https:\\\/\\\/avant-age.live\\\/#\\\/schema\\\/person\\\/7de62dc13cf1d453150ab0ec05619386\",\"name\":\"admin\",\"image\":{\"@type\":\"ImageObject\",\"inLanguage\":\"it-IT\",\"@id\":\"https:\\\/\\\/secure.gravatar.com\\\/avatar\\\/767cd3a4a72d9c0b75e32b7b9db68a18c915e21cbee52732beb90310749a1b9d?s=96&d=https%3A%2F%2Favant-age.live%2Fwp-content%2Fthemes%2Fhello-theme-child-master%2Fassets%2Fimages%2Favatar.png&r=g\",\"url\":\"https:\\\/\\\/secure.gravatar.com\\\/avatar\\\/767cd3a4a72d9c0b75e32b7b9db68a18c915e21cbee52732beb90310749a1b9d?s=96&d=https%3A%2F%2Favant-age.live%2Fwp-content%2Fthemes%2Fhello-theme-child-master%2Fassets%2Fimages%2Favatar.png&r=g\",\"contentUrl\":\"https:\\\/\\\/secure.gravatar.com\\\/avatar\\\/767cd3a4a72d9c0b75e32b7b9db68a18c915e21cbee52732beb90310749a1b9d?s=96&d=https%3A%2F%2Favant-age.live%2Fwp-content%2Fthemes%2Fhello-theme-child-master%2Fassets%2Fimages%2Favatar.png&r=g\",\"caption\":\"admin\"},\"sameAs\":[\"https:\\\/\\\/avant-age.live\"]}]}<\/script>\n<!-- \/ Yoast SEO plugin. -->","yoast_head_json":{"title":"Terapia con ioni negativi: L'effetto positivo degli ioni negativi","description":"In questo articolo spieghiamo di pi\u00f9 sulla terapia a ioni negativi e quali dispositivi potete utilizzare in questo procedimento","robots":{"index":"index","follow":"follow","max-snippet":"max-snippet:-1","max-image-preview":"max-image-preview:large","max-video-preview":"max-video-preview:-1"},"canonical":"https:\/\/avant-age.live\/it\/terapia-a-ioni-negativi-gli-effetti-positivi-degli-ioni-negativi\/","og_locale":"it_IT","og_type":"article","og_title":"Negativ-Ionen-Therapie: Die positive Wirkung negativer Ionen","og_description":"In diesem Beitrag erkl\u00e4ren wir mehr \u00fcber die Negativ-Ionen-Therapie und welche Ger\u00e4te Sie in diesem Verfahren einsetzen k\u00f6nnen","og_url":"https:\/\/avant-age.live\/it\/terapia-a-ioni-negativi-gli-effetti-positivi-degli-ioni-negativi\/","og_site_name":"MTR Equipments","article_published_time":"2022-11-28T11:25:00+00:00","article_modified_time":"2026-08-31T10:40:49+00:00","og_image":[{"width":1087,"height":725,"url":"https:\/\/avant-age.live\/wp-content\/uploads\/2022\/11\/negativ-ionen-therapie-titelbild-blogbeitrag.jpg","type":"image\/jpeg"}],"author":"admin","twitter_card":"summary_large_image","twitter_misc":{"Scritto da":"admin","Tempo di lettura stimato":"1 minuto"},"schema":{"@context":"https:\/\/schema.org","@graph":[{"@type":"Article","@id":"https:\/\/avant-age.live\/negativ-ionen-therapie-die-positive-wirkung-negativer-ionen\/#article","isPartOf":{"@id":"https:\/\/avant-age.live\/negativ-ionen-therapie-die-positive-wirkung-negativer-ionen\/"},"author":{"name":"admin","@id":"https:\/\/avant-age.live\/#\/schema\/person\/7de62dc13cf1d453150ab0ec05619386"},"headline":"Negativ-Ionen-Therapie: Die positive Wirkung negativer Ionen","datePublished":"2022-11-28T11:25:00+00:00","dateModified":"2026-08-31T10:40:49+00:00","mainEntityOfPage":{"@id":"https:\/\/avant-age.live\/negativ-ionen-therapie-die-positive-wirkung-negativer-ionen\/"},"wordCount":1421,"image":{"@id":"https:\/\/avant-age.live\/negativ-ionen-therapie-die-positive-wirkung-negativer-ionen\/#primaryimage"},"thumbnailUrl":"https:\/\/avant-age.live\/wp-content\/uploads\/2022\/11\/negativ-ionen-therapie-titelbild-blogbeitrag.jpg","keywords":["anti-aging","hautprobleme","mcs","negativ-ionen-therapie","plt-haube"],"articleSection":["Longevity","Spa\/Aesthetic"],"inLanguage":"it-IT"},{"@type":"WebPage","@id":"https:\/\/avant-age.live\/negativ-ionen-therapie-die-positive-wirkung-negativer-ionen\/","url":"https:\/\/avant-age.live\/negativ-ionen-therapie-die-positive-wirkung-negativer-ionen\/","name":"Terapia con ioni negativi: L'effetto positivo degli ioni negativi","isPartOf":{"@id":"https:\/\/avant-age.live\/#website"},"primaryImageOfPage":{"@id":"https:\/\/avant-age.live\/negativ-ionen-therapie-die-positive-wirkung-negativer-ionen\/#primaryimage"},"image":{"@id":"https:\/\/avant-age.live\/negativ-ionen-therapie-die-positive-wirkung-negativer-ionen\/#primaryimage"},"thumbnailUrl":"https:\/\/avant-age.live\/wp-content\/uploads\/2022\/11\/negativ-ionen-therapie-titelbild-blogbeitrag.jpg","datePublished":"2022-11-28T11:25:00+00:00","dateModified":"2026-08-31T10:40:49+00:00","author":{"@id":"https:\/\/avant-age.live\/#\/schema\/person\/7de62dc13cf1d453150ab0ec05619386"},"description":"In questo articolo spieghiamo di pi\u00f9 sulla terapia a ioni negativi e quali dispositivi potete utilizzare in questo procedimento","breadcrumb":{"@id":"https:\/\/avant-age.live\/negativ-ionen-therapie-die-positive-wirkung-negativer-ionen\/#breadcrumb"},"inLanguage":"it-IT","potentialAction":[{"@type":"ReadAction","target":["https:\/\/avant-age.live\/negativ-ionen-therapie-die-positive-wirkung-negativer-ionen\/"]}]},{"@type":"ImageObject","inLanguage":"it-IT","@id":"https:\/\/avant-age.live\/negativ-ionen-therapie-die-positive-wirkung-negativer-ionen\/#primaryimage","url":"https:\/\/avant-age.live\/wp-content\/uploads\/2022\/11\/negativ-ionen-therapie-titelbild-blogbeitrag.jpg","contentUrl":"https:\/\/avant-age.live\/wp-content\/uploads\/2022\/11\/negativ-ionen-therapie-titelbild-blogbeitrag.jpg","width":1087,"height":725,"caption":"Negativ Ionen Titelbild"},{"@type":"BreadcrumbList","@id":"https:\/\/avant-age.live\/negativ-ionen-therapie-die-positive-wirkung-negativer-ionen\/#breadcrumb","itemListElement":[{"@type":"ListItem","position":1,"name":"Home","item":"https:\/\/avant-age.live\/"},{"@type":"ListItem","position":2,"name":"Negativ-Ionen-Therapie: Die positive Wirkung negativer Ionen"}]},{"@type":"WebSite","@id":"https:\/\/avant-age.live\/#website","url":"https:\/\/avant-age.live\/","name":"Attrezzature MTR","description":"","potentialAction":[{"@type":"SearchAction","target":{"@type":"EntryPoint","urlTemplate":"https:\/\/avant-age.live\/?s={search_term_string}"},"query-input":{"@type":"PropertyValueSpecification","valueRequired":true,"valueName":"search_term_string"}}],"inLanguage":"it-IT"},{"@type":"Person","@id":"https:\/\/avant-age.live\/#\/schema\/person\/7de62dc13cf1d453150ab0ec05619386","name":"amministratore","image":{"@type":"ImageObject","inLanguage":"it-IT","@id":"https:\/\/secure.gravatar.com\/avatar\/767cd3a4a72d9c0b75e32b7b9db68a18c915e21cbee52732beb90310749a1b9d?s=96&d=https%3A%2F%2Favant-age.live%2Fwp-content%2Fthemes%2Fhello-theme-child-master%2Fassets%2Fimages%2Favatar.png&r=g","url":"https:\/\/secure.gravatar.com\/avatar\/767cd3a4a72d9c0b75e32b7b9db68a18c915e21cbee52732beb90310749a1b9d?s=96&d=https%3A%2F%2Favant-age.live%2Fwp-content%2Fthemes%2Fhello-theme-child-master%2Fassets%2Fimages%2Favatar.png&r=g","contentUrl":"https:\/\/secure.gravatar.com\/avatar\/767cd3a4a72d9c0b75e32b7b9db68a18c915e21cbee52732beb90310749a1b9d?s=96&d=https%3A%2F%2Favant-age.live%2Fwp-content%2Fthemes%2Fhello-theme-child-master%2Fassets%2Fimages%2Favatar.png&r=g","caption":"admin"},"sameAs":["https:\/\/avant-age.live"]}]}},"_links":{"self":[{"href":"https:\/\/avant-age.live\/it\/wp-json\/wp\/v2\/posts\/60570","targetHints":{"allow":["GET"]}}],"collection":[{"href":"https:\/\/avant-age.live\/it\/wp-json\/wp\/v2\/posts"}],"about":[{"href":"https:\/\/avant-age.live\/it\/wp-json\/wp\/v2\/types\/post"}],"author":[{"embeddable":true,"href":"https:\/\/avant-age.live\/it\/wp-json\/wp\/v2\/users\/1"}],"replies":[{"embeddable":true,"href":"https:\/\/avant-age.live\/it\/wp-json\/wp\/v2\/comments?post=60570"}],"version-history":[{"count":1,"href":"https:\/\/avant-age.live\/it\/wp-json\/wp\/v2\/posts\/60570\/revisions"}],"predecessor-version":[{"id":61115,"href":"https:\/\/avant-age.live\/it\/wp-json\/wp\/v2\/posts\/60570\/revisions\/61115"}],"wp:featuredmedia":[{"embeddable":true,"href":"https:\/\/avant-age.live\/it\/wp-json\/wp\/v2\/media\/60594"}],"wp:attachment":[{"href":"https:\/\/avant-age.live\/it\/wp-json\/wp\/v2\/media?parent=60570"}],"wp:term":[{"taxonomy":"category","embeddable":true,"href":"https:\/\/avant-age.live\/it\/wp-json\/wp\/v2\/categories?post=60570"},{"taxonomy":"post_tag","embeddable":true,"href":"https:\/\/avant-age.live\/it\/wp-json\/wp\/v2\/tags?post=60570"},{"taxonomy":"blog_topic","embeddable":true,"href":"https:\/\/avant-age.live\/it\/wp-json\/wp\/v2\/blog_topic?post=60570"}],"curies":[{"name":"wp","href":"https:\/\/api.w.org\/{rel}","templated":true}]}}