{"id":60787,"date":"2025-03-11T09:20:00","date_gmt":"2025-03-11T09:20:00","guid":{"rendered":"https:\/\/avant-age.live\/?p=60787"},"modified":"2026-08-31T10:19:26","modified_gmt":"2026-08-31T10:19:26","slug":"synchronisation-des-ondes-cerebrales","status":"publish","type":"post","link":"https:\/\/avant-age.live\/fr\/brainwave-entrainment\/","title":{"rendered":"Redonner une nouvelle orientation au cerveau"},"content":{"rendered":"<h3 class=\"wp-block-heading\">Qu'est-ce que le brainwave entrainment ?<\/h3>\n\n\n\n<p class=\"wp-block-paragraph\">L'entra\u00eenement des ondes c\u00e9r\u00e9brales (Brainwave Entrainment ou BWE) d\u00e9crit le ph\u00e9nom\u00e8ne par lequel les ondes c\u00e9r\u00e9brales s'adaptent \u00e0 une stimulation rythmique externe. Cet effet peut \u00eatre d\u00e9clench\u00e9 par des stimuli acoustiques, visuels ou tactiles. Des \u00e9tudes scientifiques ont montr\u00e9 que certains \u00e9tats de conscience peuvent \u00eatre favoris\u00e9s par une stimulation cibl\u00e9e. Par exemple, le stress peut \u00eatre r\u00e9duit gr\u00e2ce \u00e0 une stimulation cibl\u00e9e des ondes alpha, ou la cr\u00e9ativit\u00e9 peut \u00eatre augment\u00e9e par une stimulation des ondes th\u00eata.<\/p>\n\n\n\n<div style=\"height:50px\" aria-hidden=\"true\" class=\"wp-block-spacer\"><\/div>\n\n\n\n<h3 class=\"wp-block-heading\">Les diff\u00e9rentes fr\u00e9quences des ondes c\u00e9r\u00e9brales<\/h3>\n\n\n\n<p class=\"wp-block-paragraph\">Les ondes c\u00e9r\u00e9brales sont des impulsions \u00e9lectriques produites par l'activit\u00e9 d'environ 100 milliards de neurones dans le cerveau. Ces impulsions peuvent \u00eatre mesur\u00e9es au moyen d'un \u00e9lectroenc\u00e9phalogramme (EEG) et divis\u00e9es en diff\u00e9rentes gammes de fr\u00e9quences, chacune \u00e9tant associ\u00e9e \u00e0 des \u00e9tats de conscience sp\u00e9cifiques :<\/p>\n\n\n\n<div class=\"wp-block-columns are-vertically-aligned-center is-layout-flex wp-container-core-columns-is-layout-7387b849 wp-block-columns-is-layout-flex\">\n<div class=\"wp-block-column is-vertically-aligned-center is-layout-flow wp-block-column-is-layout-flow\" style=\"flex-basis:33.33%\">\n<figure class=\"wp-block-image size-full\"><img fetchpriority=\"high\" decoding=\"async\" width=\"800\" height=\"500\" src=\"https:\/\/avant-age.live\/wp-content\/smush-webp\/2025\/03\/Beta-Welle-Wachzustand-geistige-Aktivitaet.jpg.webp\" alt=\"\" class=\"wp-image-60788\" srcset=\"https:\/\/avant-age.live\/wp-content\/smush-webp\/2025\/03\/Beta-Welle-Wachzustand-geistige-Aktivitaet.jpg.webp 800w, https:\/\/avant-age.live\/wp-content\/smush-webp\/2025\/03\/Beta-Welle-Wachzustand-geistige-Aktivitaet-300x188.jpg.webp 300w, https:\/\/avant-age.live\/wp-content\/smush-webp\/2025\/03\/Beta-Welle-Wachzustand-geistige-Aktivitaet-768x480.jpg.webp 768w, https:\/\/avant-age.live\/wp-content\/smush-webp\/2025\/03\/Beta-Welle-Wachzustand-geistige-Aktivitaet-18x12.jpg.webp 18w, https:\/\/avant-age.live\/wp-content\/smush-webp\/2025\/03\/Beta-Welle-Wachzustand-geistige-Aktivitaet-130x81.jpg.webp 130w, https:\/\/avant-age.live\/wp-content\/smush-webp\/2025\/03\/Beta-Welle-Wachzustand-geistige-Aktivitaet-600x375.jpg.webp 600w\" sizes=\"(max-width: 800px) 100vw, 800px\" data-smush-webp-fallback=\"{&quot;src&quot;:&quot;https:\\\/\\\/avant-age.live\\\/wp-content\\\/uploads\\\/2025\\\/03\\\/Beta-Welle-Wachzustand-geistige-Aktivitaet.jpg&quot;,&quot;srcset&quot;:&quot;https:\\\/\\\/avant-age.live\\\/wp-content\\\/uploads\\\/2025\\\/03\\\/Beta-Welle-Wachzustand-geistige-Aktivitaet.jpg 800w, https:\\\/\\\/avant-age.live\\\/wp-content\\\/uploads\\\/2025\\\/03\\\/Beta-Welle-Wachzustand-geistige-Aktivitaet-300x188.jpg 300w, https:\\\/\\\/avant-age.live\\\/wp-content\\\/uploads\\\/2025\\\/03\\\/Beta-Welle-Wachzustand-geistige-Aktivitaet-768x480.jpg 768w, https:\\\/\\\/avant-age.live\\\/wp-content\\\/uploads\\\/2025\\\/03\\\/Beta-Welle-Wachzustand-geistige-Aktivitaet-18x12.jpg 18w, https:\\\/\\\/avant-age.live\\\/wp-content\\\/uploads\\\/2025\\\/03\\\/Beta-Welle-Wachzustand-geistige-Aktivitaet-130x81.jpg 130w, https:\\\/\\\/avant-age.live\\\/wp-content\\\/uploads\\\/2025\\\/03\\\/Beta-Welle-Wachzustand-geistige-Aktivitaet-600x375.jpg 600w&quot;}\" \/><\/figure>\n<\/div>\n\n\n\n<div class=\"wp-block-column is-vertically-aligned-center is-layout-flow wp-block-column-is-layout-flow\" style=\"flex-basis:66.66%\">\n<p class=\"wp-block-paragraph\"><strong>ONDES B\u00caTA*<\/strong>&nbsp;(Rythme b\u00eata : fr\u00e9quence de 12 \u00e0 30 Hz)<\/p>\n\n\n\n<p class=\"wp-block-paragraph\">Les ondes b\u00eata provoquent une conscience \u00e9veill\u00e9e et une concentration active. Elles apparaissent lorsque nous nous concentrons sur des t\u00e2ches cognitives, r\u00e9solvons des probl\u00e8mes ou sommes mentalement actifs. Des ondes b\u00eata \u00e9lev\u00e9es peuvent \u00e9galement \u00eatre associ\u00e9es au stress, \u00e0 l'anxi\u00e9t\u00e9 et \u00e0 l'agitation.<\/p>\n<\/div>\n<\/div>\n\n\n\n<div style=\"height:10px\" aria-hidden=\"true\" class=\"wp-block-spacer\"><\/div>\n\n\n\n<div class=\"wp-block-columns are-vertically-aligned-center is-layout-flex wp-container-core-columns-is-layout-7387b849 wp-block-columns-is-layout-flex\">\n<div class=\"wp-block-column is-vertically-aligned-center is-layout-flow wp-block-column-is-layout-flow\" style=\"flex-basis:33.33%\">\n<figure class=\"wp-block-image size-full\"><img decoding=\"async\" width=\"800\" height=\"500\" data-src=\"https:\/\/avant-age.live\/wp-content\/smush-webp\/2025\/03\/Alpha-Wellen-Wachzustand-Erholung.jpg.webp\" alt=\"\" class=\"wp-image-60789 lazyload\" data-srcset=\"https:\/\/avant-age.live\/wp-content\/smush-webp\/2025\/03\/Alpha-Wellen-Wachzustand-Erholung.jpg.webp 800w, https:\/\/avant-age.live\/wp-content\/smush-webp\/2025\/03\/Alpha-Wellen-Wachzustand-Erholung-300x188.jpg.webp 300w, https:\/\/avant-age.live\/wp-content\/smush-webp\/2025\/03\/Alpha-Wellen-Wachzustand-Erholung-768x480.jpg.webp 768w, https:\/\/avant-age.live\/wp-content\/smush-webp\/2025\/03\/Alpha-Wellen-Wachzustand-Erholung-18x12.jpg.webp 18w, https:\/\/avant-age.live\/wp-content\/smush-webp\/2025\/03\/Alpha-Wellen-Wachzustand-Erholung-130x81.jpg.webp 130w, https:\/\/avant-age.live\/wp-content\/smush-webp\/2025\/03\/Alpha-Wellen-Wachzustand-Erholung-600x375.jpg.webp 600w\" data-sizes=\"auto\" src=\"data:image\/svg+xml;base64,PHN2ZyB3aWR0aD0iMSIgaGVpZ2h0PSIxIiB4bWxucz0iaHR0cDovL3d3dy53My5vcmcvMjAwMC9zdmciPjwvc3ZnPg==\" style=\"--smush-placeholder-width: 800px; --smush-placeholder-aspect-ratio: 800\/500;\" data-original-sizes=\"(max-width: 800px) 100vw, 800px\" data-smush-webp-fallback=\"{&quot;data-src&quot;:&quot;https:\\\/\\\/avant-age.live\\\/wp-content\\\/uploads\\\/2025\\\/03\\\/Alpha-Wellen-Wachzustand-Erholung.jpg&quot;,&quot;data-srcset&quot;:&quot;https:\\\/\\\/avant-age.live\\\/wp-content\\\/uploads\\\/2025\\\/03\\\/Alpha-Wellen-Wachzustand-Erholung.jpg 800w, https:\\\/\\\/avant-age.live\\\/wp-content\\\/uploads\\\/2025\\\/03\\\/Alpha-Wellen-Wachzustand-Erholung-300x188.jpg 300w, https:\\\/\\\/avant-age.live\\\/wp-content\\\/uploads\\\/2025\\\/03\\\/Alpha-Wellen-Wachzustand-Erholung-768x480.jpg 768w, https:\\\/\\\/avant-age.live\\\/wp-content\\\/uploads\\\/2025\\\/03\\\/Alpha-Wellen-Wachzustand-Erholung-18x12.jpg 18w, https:\\\/\\\/avant-age.live\\\/wp-content\\\/uploads\\\/2025\\\/03\\\/Alpha-Wellen-Wachzustand-Erholung-130x81.jpg 130w, https:\\\/\\\/avant-age.live\\\/wp-content\\\/uploads\\\/2025\\\/03\\\/Alpha-Wellen-Wachzustand-Erholung-600x375.jpg 600w&quot;}\" \/><\/figure>\n<\/div>\n\n\n\n<div class=\"wp-block-column is-vertically-aligned-center is-layout-flow wp-block-column-is-layout-flow\" style=\"flex-basis:66.66%\">\n<p class=\"wp-block-paragraph\"><strong>ONDES ALPHA*<\/strong>&nbsp;(Rythme alpha : fr\u00e9quence de 8 \u00e0 12 Hz)<\/p>\n\n\n\n<p class=\"wp-block-paragraph\">Les ondes alpha surviennent typiquement dans des \u00e9tats de relaxation mais d'\u00e9veil : par exemple lors de la m\u00e9ditation, de la r\u00eaverie ou d'une activit\u00e9 physique l\u00e9g\u00e8re. Elles sont associ\u00e9es \u00e0 la r\u00e9cup\u00e9ration et \u00e0 une cr\u00e9ativit\u00e9 accrue \u00e0 l'\u00e9tat de veille.<\/p>\n<\/div>\n<\/div>\n\n\n\n<div style=\"height:10px\" aria-hidden=\"true\" class=\"wp-block-spacer\"><\/div>\n\n\n\n<div class=\"wp-block-columns are-vertically-aligned-center is-layout-flex wp-container-core-columns-is-layout-7387b849 wp-block-columns-is-layout-flex\">\n<div class=\"wp-block-column is-vertically-aligned-center is-layout-flow wp-block-column-is-layout-flow\" style=\"flex-basis:33.33%\">\n<figure class=\"wp-block-image size-full\"><img decoding=\"async\" width=\"800\" height=\"500\" data-src=\"https:\/\/avant-age.live\/wp-content\/smush-webp\/2025\/03\/Theta-Wellen-waehrend-des-Schlafes.jpg.webp\" alt=\"\" class=\"wp-image-60790 lazyload\" data-srcset=\"https:\/\/avant-age.live\/wp-content\/smush-webp\/2025\/03\/Theta-Wellen-waehrend-des-Schlafes.jpg.webp 800w, https:\/\/avant-age.live\/wp-content\/smush-webp\/2025\/03\/Theta-Wellen-waehrend-des-Schlafes-300x188.jpg.webp 300w, https:\/\/avant-age.live\/wp-content\/smush-webp\/2025\/03\/Theta-Wellen-waehrend-des-Schlafes-768x480.jpg.webp 768w, https:\/\/avant-age.live\/wp-content\/smush-webp\/2025\/03\/Theta-Wellen-waehrend-des-Schlafes-18x12.jpg.webp 18w, https:\/\/avant-age.live\/wp-content\/smush-webp\/2025\/03\/Theta-Wellen-waehrend-des-Schlafes-130x81.jpg.webp 130w, https:\/\/avant-age.live\/wp-content\/smush-webp\/2025\/03\/Theta-Wellen-waehrend-des-Schlafes-600x375.jpg.webp 600w\" data-sizes=\"auto\" src=\"data:image\/svg+xml;base64,PHN2ZyB3aWR0aD0iMSIgaGVpZ2h0PSIxIiB4bWxucz0iaHR0cDovL3d3dy53My5vcmcvMjAwMC9zdmciPjwvc3ZnPg==\" style=\"--smush-placeholder-width: 800px; --smush-placeholder-aspect-ratio: 800\/500;\" data-original-sizes=\"(max-width: 800px) 100vw, 800px\" data-smush-webp-fallback=\"{&quot;data-src&quot;:&quot;https:\\\/\\\/avant-age.live\\\/wp-content\\\/uploads\\\/2025\\\/03\\\/Theta-Wellen-waehrend-des-Schlafes.jpg&quot;,&quot;data-srcset&quot;:&quot;https:\\\/\\\/avant-age.live\\\/wp-content\\\/uploads\\\/2025\\\/03\\\/Theta-Wellen-waehrend-des-Schlafes.jpg 800w, https:\\\/\\\/avant-age.live\\\/wp-content\\\/uploads\\\/2025\\\/03\\\/Theta-Wellen-waehrend-des-Schlafes-300x188.jpg 300w, https:\\\/\\\/avant-age.live\\\/wp-content\\\/uploads\\\/2025\\\/03\\\/Theta-Wellen-waehrend-des-Schlafes-768x480.jpg 768w, https:\\\/\\\/avant-age.live\\\/wp-content\\\/uploads\\\/2025\\\/03\\\/Theta-Wellen-waehrend-des-Schlafes-18x12.jpg 18w, https:\\\/\\\/avant-age.live\\\/wp-content\\\/uploads\\\/2025\\\/03\\\/Theta-Wellen-waehrend-des-Schlafes-130x81.jpg 130w, https:\\\/\\\/avant-age.live\\\/wp-content\\\/uploads\\\/2025\\\/03\\\/Theta-Wellen-waehrend-des-Schlafes-600x375.jpg 600w&quot;}\" \/><\/figure>\n<\/div>\n\n\n\n<div class=\"wp-block-column is-vertically-aligned-center is-layout-flow wp-block-column-is-layout-flow\" style=\"flex-basis:66.66%\">\n<p class=\"wp-block-paragraph\"><strong>ONDES TH\u00caTA*&nbsp;<\/strong>(Rythme th\u00eata : fr\u00e9quence de 4 \u00e0 8 Hz)<\/p>\n\n\n\n<p class=\"wp-block-paragraph\">Les ondes th\u00eata se produisent lors d'un sommeil l\u00e9ger et d'\u00e9tats de relaxation profonde, comme par exemple pendant la m\u00e9ditation ou lors de r\u00eaves profonds. Elles jouent un r\u00f4le dans le traitement des \u00e9motions et l'acc\u00e8s aux pens\u00e9es inconscientes.<\/p>\n<\/div>\n<\/div>\n\n\n\n<div style=\"height:10px\" aria-hidden=\"true\" class=\"wp-block-spacer\"><\/div>\n\n\n\n<div class=\"wp-block-columns are-vertically-aligned-center is-layout-flex wp-container-core-columns-is-layout-7387b849 wp-block-columns-is-layout-flex\">\n<div class=\"wp-block-column is-vertically-aligned-center is-layout-flow wp-block-column-is-layout-flow\" style=\"flex-basis:33.33%\">\n<figure class=\"wp-block-image size-full\"><img decoding=\"async\" width=\"800\" height=\"500\" data-src=\"https:\/\/avant-age.live\/wp-content\/smush-webp\/2025\/03\/Delta-Wellen-Tiefschlaf.jpg.webp\" alt=\"\" class=\"wp-image-60791 lazyload\" data-srcset=\"https:\/\/avant-age.live\/wp-content\/smush-webp\/2025\/03\/Delta-Wellen-Tiefschlaf.jpg.webp 800w, https:\/\/avant-age.live\/wp-content\/smush-webp\/2025\/03\/Delta-Wellen-Tiefschlaf-300x188.jpg.webp 300w, https:\/\/avant-age.live\/wp-content\/smush-webp\/2025\/03\/Delta-Wellen-Tiefschlaf-768x480.jpg.webp 768w, https:\/\/avant-age.live\/wp-content\/smush-webp\/2025\/03\/Delta-Wellen-Tiefschlaf-18x12.jpg.webp 18w, https:\/\/avant-age.live\/wp-content\/smush-webp\/2025\/03\/Delta-Wellen-Tiefschlaf-130x81.jpg.webp 130w, https:\/\/avant-age.live\/wp-content\/smush-webp\/2025\/03\/Delta-Wellen-Tiefschlaf-600x375.jpg.webp 600w\" data-sizes=\"auto\" src=\"data:image\/svg+xml;base64,PHN2ZyB3aWR0aD0iMSIgaGVpZ2h0PSIxIiB4bWxucz0iaHR0cDovL3d3dy53My5vcmcvMjAwMC9zdmciPjwvc3ZnPg==\" style=\"--smush-placeholder-width: 800px; --smush-placeholder-aspect-ratio: 800\/500;\" data-original-sizes=\"(max-width: 800px) 100vw, 800px\" data-smush-webp-fallback=\"{&quot;data-src&quot;:&quot;https:\\\/\\\/avant-age.live\\\/wp-content\\\/uploads\\\/2025\\\/03\\\/Delta-Wellen-Tiefschlaf.jpg&quot;,&quot;data-srcset&quot;:&quot;https:\\\/\\\/avant-age.live\\\/wp-content\\\/uploads\\\/2025\\\/03\\\/Delta-Wellen-Tiefschlaf.jpg 800w, https:\\\/\\\/avant-age.live\\\/wp-content\\\/uploads\\\/2025\\\/03\\\/Delta-Wellen-Tiefschlaf-300x188.jpg 300w, https:\\\/\\\/avant-age.live\\\/wp-content\\\/uploads\\\/2025\\\/03\\\/Delta-Wellen-Tiefschlaf-768x480.jpg 768w, https:\\\/\\\/avant-age.live\\\/wp-content\\\/uploads\\\/2025\\\/03\\\/Delta-Wellen-Tiefschlaf-18x12.jpg 18w, https:\\\/\\\/avant-age.live\\\/wp-content\\\/uploads\\\/2025\\\/03\\\/Delta-Wellen-Tiefschlaf-130x81.jpg 130w, https:\\\/\\\/avant-age.live\\\/wp-content\\\/uploads\\\/2025\\\/03\\\/Delta-Wellen-Tiefschlaf-600x375.jpg 600w&quot;}\" \/><\/figure>\n<\/div>\n\n\n\n<div class=\"wp-block-column is-vertically-aligned-center is-layout-flow wp-block-column-is-layout-flow\" style=\"flex-basis:66.66%\">\n<p class=\"wp-block-paragraph\"><strong>ONDES DELTA*<\/strong>&nbsp;(Rythme delta : fr\u00e9quence de 0,5 \u00e0 4 Hz)<\/p>\n\n\n\n<p class=\"wp-block-paragraph\">Les ondes delta sont les ondes c\u00e9r\u00e9brales les plus lentes et se produisent principalement pendant le sommeil profond (\u00e9galement connu sous le nom de sommeil \u00e0 ondes lentes). Elles sont n\u00e9cessaires \u00e0 la gu\u00e9rison physique, \u00e0 la r\u00e9g\u00e9n\u00e9ration et \u00e0 la consolidation des souvenirs.<\/p>\n<\/div>\n<\/div>\n\n\n\n<div style=\"height:10px\" aria-hidden=\"true\" class=\"wp-block-spacer\"><\/div>\n\n\n\n<div class=\"wp-block-columns are-vertically-aligned-center is-layout-flex wp-container-core-columns-is-layout-7387b849 wp-block-columns-is-layout-flex\">\n<div class=\"wp-block-column is-vertically-aligned-center is-layout-flow wp-block-column-is-layout-flow\" style=\"flex-basis:33.33%\">\n<figure class=\"wp-block-image size-full\"><img decoding=\"async\" width=\"800\" height=\"500\" data-src=\"https:\/\/avant-age.live\/wp-content\/smush-webp\/2025\/03\/Gamma-Wellen-Wachzustand-geistige-Aktivitaet.jpg.webp\" alt=\"\" class=\"wp-image-60792 lazyload\" data-srcset=\"https:\/\/avant-age.live\/wp-content\/smush-webp\/2025\/03\/Gamma-Wellen-Wachzustand-geistige-Aktivitaet.jpg.webp 800w, https:\/\/avant-age.live\/wp-content\/smush-webp\/2025\/03\/Gamma-Wellen-Wachzustand-geistige-Aktivitaet-300x188.jpg.webp 300w, https:\/\/avant-age.live\/wp-content\/smush-webp\/2025\/03\/Gamma-Wellen-Wachzustand-geistige-Aktivitaet-768x480.jpg.webp 768w, https:\/\/avant-age.live\/wp-content\/smush-webp\/2025\/03\/Gamma-Wellen-Wachzustand-geistige-Aktivitaet-18x12.jpg.webp 18w, https:\/\/avant-age.live\/wp-content\/smush-webp\/2025\/03\/Gamma-Wellen-Wachzustand-geistige-Aktivitaet-130x81.jpg.webp 130w, https:\/\/avant-age.live\/wp-content\/smush-webp\/2025\/03\/Gamma-Wellen-Wachzustand-geistige-Aktivitaet-600x375.jpg.webp 600w\" data-sizes=\"auto\" src=\"data:image\/svg+xml;base64,PHN2ZyB3aWR0aD0iMSIgaGVpZ2h0PSIxIiB4bWxucz0iaHR0cDovL3d3dy53My5vcmcvMjAwMC9zdmciPjwvc3ZnPg==\" style=\"--smush-placeholder-width: 800px; --smush-placeholder-aspect-ratio: 800\/500;\" data-original-sizes=\"(max-width: 800px) 100vw, 800px\" data-smush-webp-fallback=\"{&quot;data-src&quot;:&quot;https:\\\/\\\/avant-age.live\\\/wp-content\\\/uploads\\\/2025\\\/03\\\/Gamma-Wellen-Wachzustand-geistige-Aktivitaet.jpg&quot;,&quot;data-srcset&quot;:&quot;https:\\\/\\\/avant-age.live\\\/wp-content\\\/uploads\\\/2025\\\/03\\\/Gamma-Wellen-Wachzustand-geistige-Aktivitaet.jpg 800w, https:\\\/\\\/avant-age.live\\\/wp-content\\\/uploads\\\/2025\\\/03\\\/Gamma-Wellen-Wachzustand-geistige-Aktivitaet-300x188.jpg 300w, https:\\\/\\\/avant-age.live\\\/wp-content\\\/uploads\\\/2025\\\/03\\\/Gamma-Wellen-Wachzustand-geistige-Aktivitaet-768x480.jpg 768w, https:\\\/\\\/avant-age.live\\\/wp-content\\\/uploads\\\/2025\\\/03\\\/Gamma-Wellen-Wachzustand-geistige-Aktivitaet-18x12.jpg 18w, https:\\\/\\\/avant-age.live\\\/wp-content\\\/uploads\\\/2025\\\/03\\\/Gamma-Wellen-Wachzustand-geistige-Aktivitaet-130x81.jpg 130w, https:\\\/\\\/avant-age.live\\\/wp-content\\\/uploads\\\/2025\\\/03\\\/Gamma-Wellen-Wachzustand-geistige-Aktivitaet-600x375.jpg 600w&quot;}\" \/><\/figure>\n<\/div>\n\n\n\n<div class=\"wp-block-column is-vertically-aligned-center is-layout-flow wp-block-column-is-layout-flow\" style=\"flex-basis:66.66%\">\n<p class=\"wp-block-paragraph\"><strong>ONDES GAMMA*<\/strong>&nbsp;(Rythme gamma : fr\u00e9quence de 30 \u00e0 100 Hz)<\/p>\n\n\n\n<p class=\"wp-block-paragraph\">Les ondes gamma sont les ondes c\u00e9r\u00e9brales les plus rapides et sont associ\u00e9es \u00e0 une fonction cognitive \u00e9lev\u00e9e, \u00e0 des performances de pointe et \u00e0 une concentration intense. Elles jouent un r\u00f4le dans la liaison d'informations provenant de diff\u00e9rentes r\u00e9gions du cerveau et sont associ\u00e9es \u00e0 la perception consciente et au traitement de stimuli complexes.<\/p>\n<\/div>\n<\/div>\n\n\n\n<p class=\"wp-block-paragraph\">Cette classification permet d'influencer de mani\u00e8re cibl\u00e9e certains \u00e9tats mentaux en stimul\u00e9ant les fr\u00e9quences correspondantes.<br>* Les images ci-dessus sont des repr\u00e9sentations graphiques d'ondes c\u00e9r\u00e9brales telles qu'elles sont mesur\u00e9es par un \u00e9lectroenc\u00e9phalogramme (EEG).<\/p>\n\n\n\n<div style=\"height:50px\" aria-hidden=\"true\" class=\"wp-block-spacer\"><\/div>\n\n\n\n<h3 class=\"wp-block-heading\">M\u00e9thodes de synchronisation des ondes c\u00e9r\u00e9brales<\/h3>\n\n\n\n<p class=\"wp-block-paragraph\">Il existe diff\u00e9rentes approches pour r\u00e9aliser l'entra\u00eenement par ondes c\u00e9r\u00e9brales :<\/p>\n\n\n\n<ul class=\"wp-block-list\">\n<li><strong>Stimulation auditive<\/strong>&nbsp;Utilisation de battements binauraux ou de tons isochrones, o\u00f9 diff\u00e9rentes fr\u00e9quences sont transmises \u00e0 chaque oreille, pour amener le cerveau \u00e0 s'adapter \u00e0 la fr\u00e9quence de diff\u00e9rence. -&gt; Voir le blog&nbsp;<a href=\"https:\/\/avant-age.live\/fr\/wie-klaenge-und-toene-die-geistige-wellness-beeinflussen\/\" target=\"_blank\" rel=\"noreferrer noopener\">Entra\u00eenement audio<\/a><br>&nbsp;<\/li>\n\n\n\n<li><strong>Stimulation visuelle<\/strong>&nbsp;Utilisation de lumi\u00e8res ou de motifs clignotants, pr\u00e9sent\u00e9s via des lunettes sp\u00e9ciales ou des \u00e9crans, pour influencer les ondes c\u00e9r\u00e9brales. -&gt; Voir le blog&nbsp;<a href=\"https:\/\/avant-age.live\/fr\/comment-la-lumiere-et-les-couleurs-influencent-la-conscience\/\" target=\"_blank\" rel=\"noreferrer noopener\">Entrainement visuel<\/a><br>&nbsp;<\/li>\n\n\n\n<li><strong>Stimulation audiovisuelle<\/strong>&nbsp;Combinaison de stimuli sonores et lumineux pour obtenir une stimulation synchronis\u00e9e.<br>&nbsp;<\/li>\n\n\n\n<li><strong>Neurofeedback&nbsp;<\/strong>Dans cette forme de biofeedback, des donn\u00e9es en temps r\u00e9el sur l'activit\u00e9 des ondes c\u00e9r\u00e9brales sont utilis\u00e9es pour entra\u00eener la fonction c\u00e9r\u00e9brale. Les individus apprennent \u00e0 r\u00e9guler leurs ondes c\u00e9r\u00e9brales en recevant des retours visuels ou auditifs et en y r\u00e9agissant.<br>&nbsp;<\/li>\n\n\n\n<li><strong>M\u00e9ditation et pleine conscience :&nbsp;<\/strong>La m\u00e9ditation r\u00e9guli\u00e8re et les exercices de pleine conscience peuvent influencer l'activit\u00e9 des ondes c\u00e9r\u00e9brales. Des \u00e9tudes ont montr\u00e9 que la m\u00e9ditation peut augmenter les ondes c\u00e9r\u00e9brales alpha et th\u00eata, qui sont responsables de la relaxation et d'un \u00e9tat m\u00e9ditatif profond.<br>&nbsp;<\/li>\n\n\n\n<li><strong>Sommeil et mode de vie sain :&nbsp;<\/strong>Un rythme de sommeil r\u00e9gulier et un mode de vie sain peuvent contribuer \u00e0 la synchronisation naturelle des ondes c\u00e9r\u00e9brales. Un sommeil suffisant, une activit\u00e9 physique r\u00e9guli\u00e8re et une alimentation \u00e9quilibr\u00e9e favorisent la sant\u00e9 c\u00e9r\u00e9brale g\u00e9n\u00e9rale et encouragent des sch\u00e9mas d'ondes c\u00e9r\u00e9brales \u00e9quilibr\u00e9s.<br>&nbsp;<\/li>\n\n\n\n<li><strong>\u00c9lectrostimulation :&nbsp;<\/strong>La stimulation magn\u00e9tique transcr\u00e2nienne (TMS) et la stimulation transcr\u00e2nienne \u00e0 courant continu (tDCS) sont des m\u00e9thodes qui utilisent des champs \u00e9lectriques ou magn\u00e9tiques pour influencer l'activit\u00e9 c\u00e9r\u00e9brale. Ces techniques sont souvent utilis\u00e9es dans la recherche et dans des applications th\u00e9rapeutiques pour favoriser certains sch\u00e9mas d'ondes c\u00e9r\u00e9brales.<\/li>\n<\/ul>\n\n\n\n<div style=\"height:25px\" aria-hidden=\"true\" class=\"wp-block-spacer\"><\/div>\n\n\n\n<p class=\"wp-block-paragraph\">Des \u00e9tudes ont montr\u00e9 qu'un entra\u00eenement r\u00e9gulier avec ces m\u00e9thodes peut augmenter l'activit\u00e9 neuronale dans certaines r\u00e9gions du cerveau, ce qui entra\u00eene une am\u00e9lioration des capacit\u00e9s cognitives.<\/p>\n\n\n\n<p class=\"wp-block-paragraph\">Lecture&nbsp;<a href=\"https:\/\/www.htwk-leipzig.de\/fileadmin\/portal\/htwk\/leben\/9_SGM_Und_Du_so\/Folien_Vortrag_mental3_30Jan25.pdf?utm_source=chatgpt.com\">HTWK Leipzig<\/a><\/p>\n\n\n\n<div style=\"height:50px\" aria-hidden=\"true\" class=\"wp-block-spacer\"><\/div>\n\n\n\n<h3 class=\"wp-block-heading\">Bases neurophysiologiques de l'entra\u00eenement par ondes c\u00e9r\u00e9brales<\/h3>\n\n\n\n<p class=\"wp-block-paragraph\">L'entra\u00eenement repose sur un principe fondamental de la physique : la synchronisation.<\/p>\n\n\n\n<div class=\"wp-block-columns is-layout-flex wp-container-core-columns-is-layout-7387b849 wp-block-columns-is-layout-flex\">\n<div class=\"wp-block-column is-vertically-aligned-center is-layout-flow wp-block-column-is-layout-flow\" style=\"flex-basis:33.33%\">\n<figure class=\"wp-block-image size-full\"><img decoding=\"async\" width=\"1672\" height=\"941\" data-src=\"https:\/\/avant-age.live\/wp-content\/smush-webp\/2025\/03\/imrs_audiovisual-entrainmaint_01.png.webp\" alt=\"\" class=\"wp-image-63824 lazyload\" data-srcset=\"https:\/\/avant-age.live\/wp-content\/smush-webp\/2025\/03\/imrs_audiovisual-entrainmaint_01.png.webp 1672w, https:\/\/avant-age.live\/wp-content\/smush-webp\/2025\/03\/imrs_audiovisual-entrainmaint_01-300x169.png.webp 300w, https:\/\/avant-age.live\/wp-content\/smush-webp\/2025\/03\/imrs_audiovisual-entrainmaint_01-1024x576.png.webp 1024w, https:\/\/avant-age.live\/wp-content\/smush-webp\/2025\/03\/imrs_audiovisual-entrainmaint_01-768x432.png.webp 768w, https:\/\/avant-age.live\/wp-content\/smush-webp\/2025\/03\/imrs_audiovisual-entrainmaint_01-1536x864.png.webp 1536w, https:\/\/avant-age.live\/wp-content\/smush-webp\/2025\/03\/imrs_audiovisual-entrainmaint_01-18x10.png.webp 18w, https:\/\/avant-age.live\/wp-content\/smush-webp\/2025\/03\/imrs_audiovisual-entrainmaint_01-130x73.png.webp 130w, https:\/\/avant-age.live\/wp-content\/smush-webp\/2025\/03\/imrs_audiovisual-entrainmaint_01-600x338.png.webp 600w\" data-sizes=\"auto\" src=\"data:image\/svg+xml;base64,PHN2ZyB3aWR0aD0iMSIgaGVpZ2h0PSIxIiB4bWxucz0iaHR0cDovL3d3dy53My5vcmcvMjAwMC9zdmciPjwvc3ZnPg==\" style=\"--smush-placeholder-width: 1672px; --smush-placeholder-aspect-ratio: 1672\/941;\" data-original-sizes=\"(max-width: 1672px) 100vw, 1672px\" data-smush-webp-fallback=\"{&quot;data-src&quot;:&quot;https:\\\/\\\/avant-age.live\\\/wp-content\\\/uploads\\\/2025\\\/03\\\/imrs_audiovisual-entrainmaint_01.png&quot;,&quot;data-srcset&quot;:&quot;https:\\\/\\\/avant-age.live\\\/wp-content\\\/uploads\\\/2025\\\/03\\\/imrs_audiovisual-entrainmaint_01.png 1672w, https:\\\/\\\/avant-age.live\\\/wp-content\\\/uploads\\\/2025\\\/03\\\/imrs_audiovisual-entrainmaint_01-300x169.png 300w, https:\\\/\\\/avant-age.live\\\/wp-content\\\/uploads\\\/2025\\\/03\\\/imrs_audiovisual-entrainmaint_01-1024x576.png 1024w, https:\\\/\\\/avant-age.live\\\/wp-content\\\/uploads\\\/2025\\\/03\\\/imrs_audiovisual-entrainmaint_01-768x432.png 768w, https:\\\/\\\/avant-age.live\\\/wp-content\\\/uploads\\\/2025\\\/03\\\/imrs_audiovisual-entrainmaint_01-1536x864.png 1536w, https:\\\/\\\/avant-age.live\\\/wp-content\\\/uploads\\\/2025\\\/03\\\/imrs_audiovisual-entrainmaint_01-18x10.png 18w, https:\\\/\\\/avant-age.live\\\/wp-content\\\/uploads\\\/2025\\\/03\\\/imrs_audiovisual-entrainmaint_01-130x73.png 130w, https:\\\/\\\/avant-age.live\\\/wp-content\\\/uploads\\\/2025\\\/03\\\/imrs_audiovisual-entrainmaint_01-600x338.png 600w&quot;}\" \/><figcaption class=\"wp-element-caption\">Stimulation audiovisuelle<\/figcaption><\/figure>\n<\/div>\n\n\n\n<div class=\"wp-block-column is-layout-flow wp-block-column-is-layout-flow\" style=\"flex-basis:66.66%\">\n<ul class=\"wp-block-list\">\n<li><strong>Le thalamus :&nbsp;<\/strong>En tant que relais central des signaux sensoriels, le thalamus joue un r\u00f4le crucial en traitant les impulsions externes et en les transmettant \u00e0 diff\u00e9rentes zones du cerveau.<br>&nbsp;<\/li>\n\n\n\n<li><strong>Synchronisation h\u00e9misph\u00e9rique :&nbsp;<\/strong>Des recherches montrent que la m\u00e9ditation profonde ou l'entra\u00eenement par ondes c\u00e9r\u00e9brales peut favoriser une collaboration coh\u00e9rente entre les deux h\u00e9misph\u00e8res c\u00e9r\u00e9braux. Cela favorise les performances cognitives, la stabilit\u00e9 \u00e9motionnelle et des \u00e9tats de conscience plus profonds.<\/li>\n<\/ul>\n<\/div>\n<\/div>\n\n\n\n<p class=\"wp-block-paragraph\">On suppose qu'avec une pratique r\u00e9guli\u00e8re, de nouvelles connexions neurales se forment entre les deux h\u00e9misph\u00e8res, permettant ainsi de r\u00e9colter les b\u00e9n\u00e9fices suivants \u00e0 long terme :<\/p>\n\n\n\n<p class=\"wp-block-paragraph\"><strong>Avantages mentaux :<\/strong><\/p>\n\n\n\n<ul class=\"wp-block-list\">\n<li>Am\u00e9lioration des performances cognitives<\/li>\n\n\n\n<li>Favoriser la concentration et l'attention<\/li>\n\n\n\n<li>Am\u00e9lioration de la m\u00e9moire<\/li>\n<\/ul>\n\n\n\n<div style=\"height:25px\" aria-hidden=\"true\" class=\"wp-block-spacer\"><\/div>\n\n\n\n<p class=\"wp-block-paragraph\"><strong>Avantages \u00e9motionnels :<\/strong><\/p>\n\n\n\n<ul class=\"wp-block-list\">\n<li>R\u00e9duction du stress et de l'anxi\u00e9t\u00e9<\/li>\n\n\n\n<li>Am\u00e9lioration de l'humeur<\/li>\n\n\n\n<li>Favoriser la stabilit\u00e9 \u00e9motionnelle<\/li>\n<\/ul>\n\n\n\n<div style=\"height:25px\" aria-hidden=\"true\" class=\"wp-block-spacer\"><\/div>\n\n\n\n<p class=\"wp-block-paragraph\"><strong>Avantages physiques :<\/strong><\/p>\n\n\n\n<ul class=\"wp-block-list\">\n<li>Soulagement de la douleur<\/li>\n\n\n\n<li>R\u00e9duction des maux de t\u00eate<\/li>\n<\/ul>\n\n\n\n<div style=\"height:25px\" aria-hidden=\"true\" class=\"wp-block-spacer\"><\/div>\n\n\n\n<p class=\"wp-block-paragraph\">Pour induire des changements efficaces gr\u00e2ce \u00e0 cette synchronisation h\u00e9misph\u00e9rique, il est recommand\u00e9 de mener les s\u00e9ances r\u00e9guli\u00e8res dans un environnement calme et sans distractions. La r\u00e9gularit\u00e9 est la cl\u00e9 du succ\u00e8s.<\/p>\n\n\n\n<div style=\"height:25px\" aria-hidden=\"true\" class=\"wp-block-spacer\"><\/div>\n\n\n\n<h5 class=\"wp-block-heading\">Combien de temps faut-il pour que l'entra\u00eenement des ondes c\u00e9r\u00e9brales fasse effet ?<\/h5>\n\n\n\n<p class=\"wp-block-paragraph\">G\u00e9n\u00e9ralement, un effet se fait sentir au bout d'environ six minutes. Cependant, selon l'\u00e9tat recherch\u00e9, cela peut prendre plus de temps \u2014 environ 30 minutes ou plus pour atteindre une activit\u00e9 plus profonde des ondes th\u00eata ou delta.<\/p>\n\n\n\n<div style=\"height:25px\" aria-hidden=\"true\" class=\"wp-block-spacer\"><\/div>\n\n\n\n<h5 class=\"wp-block-heading\">Utilisation et application optimales<\/h5>\n\n\n\n<p class=\"wp-block-paragraph\">La r\u00e9gularit\u00e9 est la cl\u00e9 du succ\u00e8s pour ancrer des changements \u00e0 long terme dans le cerveau. Les experts recommandent des sessions de 10 minutes six jours par semaine. Le moment id\u00e9al de la journ\u00e9e est soit juste apr\u00e8s le r\u00e9veil, soit avant d'aller se coucher. Cependant, il peut falloir plusieurs semaines pour que des r\u00e9sultats durables soient visibles.<\/p>\n\n\n\n<div style=\"height:50px\" aria-hidden=\"true\" class=\"wp-block-spacer\"><\/div>\n\n\n\n<h3 class=\"wp-block-heading\">Bases scientifiques et applications<\/h3>\n\n\n\n<h5 class=\"wp-block-heading\">stimulation sensorielle rythm\u00e9e<\/h5>\n\n\n\n<p class=\"wp-block-paragraph\">L'efficacit\u00e9 de l'entra\u00eenement par ondes c\u00e9r\u00e9brales est soutenue par diverses \u00e9tudes scientifiques. Il a ainsi \u00e9t\u00e9 d\u00e9montr\u00e9 que la stimulation sensorielle rythmique conduit \u00e0 une synchronisation de l'activit\u00e9 neuronale, ce qui peut avoir des effets positifs sur la relaxation, la r\u00e9duction du stress et les fonctions cognitives.<\/p>\n\n\n\n<p class=\"wp-block-paragraph\">Lecture&nbsp;<a href=\"https:\/\/backoffice.swissbionic.com\/documents\/medical_info\/brainwave_entrainment_en.pdf?utm_source=chatgpt.com\">swissbionic.com<\/a><\/p>\n\n\n\n<div style=\"height:25px\" aria-hidden=\"true\" class=\"wp-block-spacer\"><\/div>\n\n\n\n<h5 class=\"wp-block-heading\">Magn\u00e9toth\u00e9rapie par champs \u00e9lectromagn\u00e9tiques puls\u00e9s (PEMF)<\/h5>\n\n\n\n<p class=\"wp-block-paragraph\">Un exemple pratique de l'application de l'entra\u00eenement des ondes c\u00e9r\u00e9brales est le syst\u00e8me iMRS prime, qui combine des champs \u00e9lectromagn\u00e9tiques puls\u00e9s (PEMF) \u00e0 basse fr\u00e9quence avec une stimulation audiovisuelle pour influencer les ondes c\u00e9r\u00e9brales et favoriser le bien-\u00eatre.<\/p>\n\n\n\n<p class=\"wp-block-paragraph\">Lecture&nbsp;<a href=\"https:\/\/avant-age.live\/fr\/produit\/imrs-prime-pro\/\" target=\"_blank\" rel=\"noreferrer noopener\">iMRS Prime<\/a><\/p>\n\n\n\n<div style=\"height:25px\" aria-hidden=\"true\" class=\"wp-block-spacer\"><\/div>\n\n\n\n<h5 class=\"wp-block-heading\">Stimulation vibroacoustique et th\u00e9rapie sonore binaurale<\/h5>\n\n\n\n<p class=\"wp-block-paragraph\">Un autre syst\u00e8me innovant d'entra\u00eenement des ondes c\u00e9r\u00e9brales est le <a href=\"https:\/\/avant-age.live\/fr\/produit\/rlx-braingym\/\" data-type=\"link\" data-id=\"https:\/\/avant-age.live\/de\/produkt\/rlx-braingym\/\">RLX BrainGym<sup>TM<\/sup><\/a>. Cette technologie associe la stimulation vibroacoustique \u00e0 la th\u00e9rapie par sons binauraux pour harmoniser le corps et l'esprit, ce qui a des effets positifs prouv\u00e9s sur le stress, l'anxi\u00e9t\u00e9, les troubles du sommeil et la r\u00e9cup\u00e9ration apr\u00e8s une addiction.<\/p>\n\n\n\n<p class=\"wp-block-paragraph\">\u00c9tude&nbsp;<a href=\"https:\/\/www.mtr-ag.ch\/storage\/download\/documents\/Gharieni\/GA_Jefferson%20Study%20Vibratory%20and%20Auditory%20Stimulation%20Improves%20Sleep%20in%20Patients%20with%20Insomnia.pdf\">La stimulation vibroacoustique am\u00e9liore l'insomnie<\/a><\/p>\n\n\n\n<div style=\"height:50px\" aria-hidden=\"true\" class=\"wp-block-spacer\"><\/div>\n\n\n\n<h3 class=\"wp-block-heading\">Conclusion<\/h3>\n\n\n\n<p class=\"wp-block-paragraph\">La synchronisation des ondes c\u00e9r\u00e9brales offre une possibilit\u00e9 innovante d'influencer cibl\u00e9ment les ondes c\u00e9r\u00e9brales et d'am\u00e9liorer ainsi les \u00e9tats mentaux tels que la relaxation, la concentration et la qualit\u00e9 du sommeil. Gr\u00e2ce \u00e0 l'utilisation de m\u00e9thodes de stimulation auditive et visuelle, il est possible de recentrer le cerveau et d'accro\u00eetre le bien-\u00eatre g\u00e9n\u00e9ral. Il est recommand\u00e9 d'essayer diff\u00e9rentes techniques et d'\u00e9valuer individuellement leurs effets afin de trouver la m\u00e9thode qui vous convient. Voici quelques suggestions :<\/p>\n\n\n\n<div style=\"height:25px\" aria-hidden=\"true\" class=\"wp-block-spacer\"><\/div>\n\n\n\n<h5 class=\"wp-block-heading\">\u00c9coute matinale<\/h5>\n\n\n\n<p class=\"wp-block-paragraph\">Commencez la journ\u00e9e par une courte s\u00e9ance de synchronisation des ondes c\u00e9r\u00e9brales (10 \u00e0 15 minutes). Utilisez pour cela des sons ou de la musique qui stimulent les ondes alpha ou b\u00eata afin de favoriser l'\u00e9veil et la concentration.<\/p>\n\n\n\n<div style=\"height:25px\" aria-hidden=\"true\" class=\"wp-block-spacer\"><\/div>\n\n\n\n<h5 class=\"wp-block-heading\">Pauses de travail<\/h5>\n\n\n\n<p class=\"wp-block-paragraph\">Utilisez l'entra\u00eenement par ondes c\u00e9r\u00e9brales pendant les pauses au travail ou en \u00e9tudiant. \u00c9coutez des pistes stimulant les ondes b\u00eata pour augmenter votre concentration et votre productivit\u00e9.<\/p>\n\n\n\n<div style=\"height:25px\" aria-hidden=\"true\" class=\"wp-block-spacer\"><\/div>\n\n\n\n<h5 class=\"wp-block-heading\">Avant de dormir<\/h5>\n\n\n\n<p class=\"wp-block-paragraph\">\u00c9coutez des morceaux ax\u00e9s sur les ondes delta ou th\u00eata 30 \u00e0 60 minutes avant d'aller vous coucher pour apaiser votre esprit et am\u00e9liorer la qualit\u00e9 de votre sommeil.<\/p>\n\n\n\n<div style=\"height:25px\" aria-hidden=\"true\" class=\"wp-block-spacer\"><\/div>\n\n\n\n<h5 class=\"wp-block-heading\">M\u00e9ditation et relaxation<\/h5>\n\n\n\n<p class=\"wp-block-paragraph\">Int\u00e9grez l'entra\u00eenement par ondes c\u00e9r\u00e9brales \u00e0 votre routine de m\u00e9ditation ou de relaxation. Utilisez les ondes th\u00eata pour atteindre des \u00e9tats m\u00e9ditatifs plus profonds.<\/p>\n\n\n\n<div style=\"height:25px\" aria-hidden=\"true\" class=\"wp-block-spacer\"><\/div>\n\n\n\n<h5 class=\"wp-block-heading\">Pendant l'entra\u00eenement<\/h5>\n\n\n\n<p class=\"wp-block-paragraph\">Pendant le sport, \u00e9coutez de la musique de synchronisation des ondes c\u00e9r\u00e9brales qui stimule les ondes b\u00eata ou gamma pour augmenter la motivation et les performances.<\/p>\n\n\n\n<div style=\"height:25px\" aria-hidden=\"true\" class=\"wp-block-spacer\"><\/div>\n\n\n\n<h5 class=\"wp-block-heading\">Covoiturage et voyages<\/h5>\n\n\n\n<p class=\"wp-block-paragraph\">Profitez de votre temps de trajet ou de voyage pour \u00e9couter de la musique relaxante \u00e0 ondes alpha et \u00e9vacuer le stress.<\/p>\n\n\n\n<p class=\"wp-block-paragraph\">En int\u00e9grant ces pratiques simples dans votre quotidien, vous pouvez exploiter efficacement les avantages de la stimulation des ondes c\u00e9r\u00e9brales pour favoriser votre sant\u00e9 mentale et physique.<br>Anit<br>Bien s\u00fbr, de nouvelles technologies sont \u00e9galement disponibles aujourd'hui, qui combinent diverses m\u00e9thodes d'entra\u00eenement des ondes c\u00e9r\u00e9brales et peuvent par cons\u00e9quent agir de mani\u00e8re encore plus efficace !<\/p>\n\n\n\n<div style=\"height:50px\" aria-hidden=\"true\" class=\"wp-block-spacer\"><\/div>\n\n\n\n<h3 class=\"wp-block-heading\">Entrainement des ondes c\u00e9r\u00e9brales chez MTR Equipments<\/h3>\n\n\n\n<p class=\"wp-block-paragraph\">MTR Equipments propose diverses technologies innovantes et approches th\u00e9rapeutiques bas\u00e9es sur la stimulation des the\u0301tas (entra\u00eenement des ondes c\u00e9r\u00e9brales) afin d'accro\u00eetre le bien-\u00eatre, la sant\u00e9 et la forme mentale de ses utilisateurs.<\/p>\n\n\n\n<div class=\"wp-block-columns is-layout-flex wp-container-core-columns-is-layout-7387b849 wp-block-columns-is-layout-flex\">\n<div class=\"wp-block-column is-layout-flow wp-block-column-is-layout-flow\" style=\"flex-basis:33.33%\">\n<figure class=\"wp-block-image size-large\"><img decoding=\"async\" width=\"1024\" height=\"495\" data-src=\"https:\/\/avant-age.live\/wp-content\/smush-webp\/2025\/03\/imrs-prime_titelbild-1-1024x495.jpg.webp\" alt=\"\" class=\"wp-image-60794 lazyload\" data-srcset=\"https:\/\/avant-age.live\/wp-content\/smush-webp\/2025\/03\/imrs-prime_titelbild-1-1024x495.jpg.webp 1024w, https:\/\/avant-age.live\/wp-content\/smush-webp\/2025\/03\/imrs-prime_titelbild-1-300x145.jpg.webp 300w, https:\/\/avant-age.live\/wp-content\/smush-webp\/2025\/03\/imrs-prime_titelbild-1-768x371.jpg.webp 768w, https:\/\/avant-age.live\/wp-content\/smush-webp\/2025\/03\/imrs-prime_titelbild-1-18x9.jpg.webp 18w, https:\/\/avant-age.live\/wp-content\/smush-webp\/2025\/03\/imrs-prime_titelbild-1-130x63.jpg.webp 130w, https:\/\/avant-age.live\/wp-content\/smush-webp\/2025\/03\/imrs-prime_titelbild-1-600x290.jpg.webp 600w, https:\/\/avant-age.live\/wp-content\/smush-webp\/2025\/03\/imrs-prime_titelbild-1.jpg.webp 1500w\" data-sizes=\"auto\" src=\"data:image\/svg+xml;base64,PHN2ZyB3aWR0aD0iMSIgaGVpZ2h0PSIxIiB4bWxucz0iaHR0cDovL3d3dy53My5vcmcvMjAwMC9zdmciPjwvc3ZnPg==\" style=\"--smush-placeholder-width: 1024px; --smush-placeholder-aspect-ratio: 1024\/495;\" data-original-sizes=\"(max-width: 1024px) 100vw, 1024px\" data-smush-webp-fallback=\"{&quot;data-src&quot;:&quot;https:\\\/\\\/avant-age.live\\\/wp-content\\\/uploads\\\/2025\\\/03\\\/imrs-prime_titelbild-1-1024x495.jpg&quot;,&quot;data-srcset&quot;:&quot;https:\\\/\\\/avant-age.live\\\/wp-content\\\/uploads\\\/2025\\\/03\\\/imrs-prime_titelbild-1-1024x495.jpg 1024w, https:\\\/\\\/avant-age.live\\\/wp-content\\\/uploads\\\/2025\\\/03\\\/imrs-prime_titelbild-1-300x145.jpg 300w, https:\\\/\\\/avant-age.live\\\/wp-content\\\/uploads\\\/2025\\\/03\\\/imrs-prime_titelbild-1-768x371.jpg 768w, https:\\\/\\\/avant-age.live\\\/wp-content\\\/uploads\\\/2025\\\/03\\\/imrs-prime_titelbild-1-18x9.jpg 18w, https:\\\/\\\/avant-age.live\\\/wp-content\\\/uploads\\\/2025\\\/03\\\/imrs-prime_titelbild-1-130x63.jpg 130w, https:\\\/\\\/avant-age.live\\\/wp-content\\\/uploads\\\/2025\\\/03\\\/imrs-prime_titelbild-1-600x290.jpg 600w, https:\\\/\\\/avant-age.live\\\/wp-content\\\/uploads\\\/2025\\\/03\\\/imrs-prime_titelbild-1.jpg 1500w&quot;}\" \/><\/figure>\n<\/div>\n\n\n\n<div class=\"wp-block-column is-layout-flow wp-block-column-is-layout-flow\" style=\"flex-basis:66.66%\">\n<h5 class=\"wp-block-heading\">iMRS Prime : Th\u00e9rapie par champ \u00e9lectromagn\u00e9tique puls\u00e9 \u00e0 6 dimensions<\/h5>\n\n\n\n<p class=\"wp-block-paragraph\">Un appareil ultramoderne qui se concentre sur l'utilisation de champs \u00e9lectromagn\u00e9tiques puls\u00e9s (PEMF) et d'ondes infrarouges lointaines. Gr\u00e2ce \u00e0 l'utilisation suppl\u00e9mentaire des lunettes Exagon Brain et d'un casque, des fr\u00e9quences sp\u00e9cifiques peuvent \u00eatre synchronis\u00e9es par stimulation visuelle et auditive, et les ondes c\u00e9r\u00e9brales de l'utilisateur peuvent \u00eatre amen\u00e9es dans des \u00e9tats souhait\u00e9s tels que la relaxation profonde ou une concentration accrue. Cette th\u00e9rapie peut s'av\u00e9rer particuli\u00e8rement utile dans le traitement des troubles du sommeil, du stress et des douleurs chroniques. <\/p>\n\n\n\n<div class=\"wp-block-buttons is-layout-flex wp-block-buttons-is-layout-flex\">\n<div class=\"wp-block-button is-style-outline is-style-outline--1\"><a class=\"wp-block-button__link wp-element-button\" href=\"\/fr\/produit\/imrs-prime-pro\/\" target=\"_blank\" rel=\"noreferrer noopener\">iMRS Prime<\/a><\/div>\n<\/div>\n<\/div>\n<\/div>\n\n\n\n<div style=\"height:10px\" aria-hidden=\"true\" class=\"wp-block-spacer\"><\/div>\n\n\n\n<div class=\"wp-block-columns is-layout-flex wp-container-core-columns-is-layout-7387b849 wp-block-columns-is-layout-flex\">\n<div class=\"wp-block-column is-layout-flow wp-block-column-is-layout-flow\" style=\"flex-basis:33.33%\">\n<figure class=\"wp-block-image size-large\"><img decoding=\"async\" width=\"1024\" height=\"495\" data-src=\"https:\/\/avant-age.live\/wp-content\/smush-webp\/2025\/03\/rlx-satori-titelbild-1-1024x495.jpg.webp\" alt=\"\" class=\"wp-image-60795 lazyload\" data-srcset=\"https:\/\/avant-age.live\/wp-content\/smush-webp\/2025\/03\/rlx-satori-titelbild-1-1024x495.jpg.webp 1024w, https:\/\/avant-age.live\/wp-content\/smush-webp\/2025\/03\/rlx-satori-titelbild-1-300x145.jpg.webp 300w, https:\/\/avant-age.live\/wp-content\/smush-webp\/2025\/03\/rlx-satori-titelbild-1-768x371.jpg.webp 768w, https:\/\/avant-age.live\/wp-content\/smush-webp\/2025\/03\/rlx-satori-titelbild-1-18x9.jpg.webp 18w, https:\/\/avant-age.live\/wp-content\/smush-webp\/2025\/03\/rlx-satori-titelbild-1-130x63.jpg.webp 130w, https:\/\/avant-age.live\/wp-content\/smush-webp\/2025\/03\/rlx-satori-titelbild-1-600x290.jpg.webp 600w, https:\/\/avant-age.live\/wp-content\/smush-webp\/2025\/03\/rlx-satori-titelbild-1.jpg.webp 1500w\" data-sizes=\"auto\" src=\"data:image\/svg+xml;base64,PHN2ZyB3aWR0aD0iMSIgaGVpZ2h0PSIxIiB4bWxucz0iaHR0cDovL3d3dy53My5vcmcvMjAwMC9zdmciPjwvc3ZnPg==\" style=\"--smush-placeholder-width: 1024px; --smush-placeholder-aspect-ratio: 1024\/495;\" data-original-sizes=\"(max-width: 1024px) 100vw, 1024px\" data-smush-webp-fallback=\"{&quot;data-src&quot;:&quot;https:\\\/\\\/avant-age.live\\\/wp-content\\\/uploads\\\/2025\\\/03\\\/rlx-satori-titelbild-1-1024x495.jpg&quot;,&quot;data-srcset&quot;:&quot;https:\\\/\\\/avant-age.live\\\/wp-content\\\/uploads\\\/2025\\\/03\\\/rlx-satori-titelbild-1-1024x495.jpg 1024w, https:\\\/\\\/avant-age.live\\\/wp-content\\\/uploads\\\/2025\\\/03\\\/rlx-satori-titelbild-1-300x145.jpg 300w, https:\\\/\\\/avant-age.live\\\/wp-content\\\/uploads\\\/2025\\\/03\\\/rlx-satori-titelbild-1-768x371.jpg 768w, https:\\\/\\\/avant-age.live\\\/wp-content\\\/uploads\\\/2025\\\/03\\\/rlx-satori-titelbild-1-18x9.jpg 18w, https:\\\/\\\/avant-age.live\\\/wp-content\\\/uploads\\\/2025\\\/03\\\/rlx-satori-titelbild-1-130x63.jpg 130w, https:\\\/\\\/avant-age.live\\\/wp-content\\\/uploads\\\/2025\\\/03\\\/rlx-satori-titelbild-1-600x290.jpg 600w, https:\\\/\\\/avant-age.live\\\/wp-content\\\/uploads\\\/2025\\\/03\\\/rlx-satori-titelbild-1.jpg 1500w&quot;}\" \/><\/figure>\n<\/div>\n\n\n\n<div class=\"wp-block-column is-layout-flow wp-block-column-is-layout-flow\" style=\"flex-basis:66.66%\">\n<h5 class=\"wp-block-heading\">RLX BrainGym<sup>TM<\/sup>Chaise longue neuroretaxante<\/h5>\n\n\n\n<p class=\"wp-block-paragraph\">Cette chaise longue de neuro-relaxation offre une exp\u00e9rience de d\u00e9tente vibroacoustique bas\u00e9e sur une technologie de pointe d'entra\u00eenement des ondes c\u00e9r\u00e9brales. Gr\u00e2ce \u00e0 des fr\u00e9quences sonores cibl\u00e9es, projet\u00e9es directement dans le corps par des transducteurs sp\u00e9ciaux, une synchronisation neuronale compl\u00e8te est obtenue. Les programmes du syst\u00e8me BrainGym sont con\u00e7us pour induire sp\u00e9cifiquement des ondes c\u00e9r\u00e9brales dans les \u00e9tats alpha, th\u00eata ou delta. Des modules de m\u00e9ditation guid\u00e9s par la voix ainsi qu'une technologie sonore sp\u00e9ciale appel\u00e9e Quantum Harmonics y contribuent.<sup>TM<\/sup>, pour favoriser une relaxation profonde, la m\u00e9ditation ou la r\u00e9g\u00e9n\u00e9ration. L'application r\u00e9guli\u00e8re de cette m\u00e9thode peut cr\u00e9er de nouvelles voies neuronales \u00e0 long terme et ainsi soutenir des changements de comportement durables. <\/p>\n\n\n\n<div class=\"wp-block-buttons is-layout-flex wp-block-buttons-is-layout-flex\">\n<div class=\"wp-block-button is-style-outline is-style-outline--2\"><a class=\"wp-block-button__link wp-element-button\" href=\"\/fr\/produit\/rlx-braingym\/\" target=\"_blank\" rel=\"noreferrer noopener\">RLX BrainGym<sup>TM<\/sup><\/a><\/div>\n<\/div>\n<\/div>\n<\/div>\n\n\n\n<div style=\"height:10px\" aria-hidden=\"true\" class=\"wp-block-spacer\"><\/div>\n\n\n\n<div class=\"wp-block-columns is-layout-flex wp-container-core-columns-is-layout-7387b849 wp-block-columns-is-layout-flex\">\n<div class=\"wp-block-column is-layout-flow wp-block-column-is-layout-flow\" style=\"flex-basis:33.33%\">\n<figure class=\"wp-block-image size-large\"><img decoding=\"async\" width=\"1024\" height=\"495\" data-src=\"https:\/\/avant-age.live\/wp-content\/smush-webp\/2025\/03\/welnamis-titelbild_03-1024x495.jpg.webp\" alt=\"\" class=\"wp-image-60796 lazyload\" data-srcset=\"https:\/\/avant-age.live\/wp-content\/smush-webp\/2025\/03\/welnamis-titelbild_03-1024x495.jpg.webp 1024w, https:\/\/avant-age.live\/wp-content\/smush-webp\/2025\/03\/welnamis-titelbild_03-300x145.jpg.webp 300w, https:\/\/avant-age.live\/wp-content\/smush-webp\/2025\/03\/welnamis-titelbild_03-768x371.jpg.webp 768w, https:\/\/avant-age.live\/wp-content\/smush-webp\/2025\/03\/welnamis-titelbild_03-18x9.jpg.webp 18w, https:\/\/avant-age.live\/wp-content\/smush-webp\/2025\/03\/welnamis-titelbild_03-130x63.jpg.webp 130w, https:\/\/avant-age.live\/wp-content\/smush-webp\/2025\/03\/welnamis-titelbild_03-600x290.jpg.webp 600w, https:\/\/avant-age.live\/wp-content\/smush-webp\/2025\/03\/welnamis-titelbild_03.jpg.webp 1500w\" data-sizes=\"auto\" src=\"data:image\/svg+xml;base64,PHN2ZyB3aWR0aD0iMSIgaGVpZ2h0PSIxIiB4bWxucz0iaHR0cDovL3d3dy53My5vcmcvMjAwMC9zdmciPjwvc3ZnPg==\" style=\"--smush-placeholder-width: 1024px; --smush-placeholder-aspect-ratio: 1024\/495;\" data-original-sizes=\"(max-width: 1024px) 100vw, 1024px\" data-smush-webp-fallback=\"{&quot;data-src&quot;:&quot;https:\\\/\\\/avant-age.live\\\/wp-content\\\/uploads\\\/2025\\\/03\\\/welnamis-titelbild_03-1024x495.jpg&quot;,&quot;data-srcset&quot;:&quot;https:\\\/\\\/avant-age.live\\\/wp-content\\\/uploads\\\/2025\\\/03\\\/welnamis-titelbild_03-1024x495.jpg 1024w, https:\\\/\\\/avant-age.live\\\/wp-content\\\/uploads\\\/2025\\\/03\\\/welnamis-titelbild_03-300x145.jpg 300w, https:\\\/\\\/avant-age.live\\\/wp-content\\\/uploads\\\/2025\\\/03\\\/welnamis-titelbild_03-768x371.jpg 768w, https:\\\/\\\/avant-age.live\\\/wp-content\\\/uploads\\\/2025\\\/03\\\/welnamis-titelbild_03-18x9.jpg 18w, https:\\\/\\\/avant-age.live\\\/wp-content\\\/uploads\\\/2025\\\/03\\\/welnamis-titelbild_03-130x63.jpg 130w, https:\\\/\\\/avant-age.live\\\/wp-content\\\/uploads\\\/2025\\\/03\\\/welnamis-titelbild_03-600x290.jpg 600w, https:\\\/\\\/avant-age.live\\\/wp-content\\\/uploads\\\/2025\\\/03\\\/welnamis-titelbild_03.jpg 1500w&quot;}\" \/><\/figure>\n<\/div>\n\n\n\n<div class=\"wp-block-column is-layout-flow wp-block-column-is-layout-flow\" style=\"flex-basis:66.66%\">\n<h5 class=\"wp-block-heading\">Welnamis : Table de traitement avec stimulation audio, vibrations et lumi\u00e8re d'ambiance<\/h5>\n\n\n\n<p class=\"wp-block-paragraph\">Cette table de soin bien-\u00eatre innovante est un autre exemple remarquable de l'int\u00e9gration de l'entra\u00eenement des ondes c\u00e9r\u00e9brales dans les offres th\u00e9rapeutiques modernes. Cette table de soin et de neuro-relaxation offre une combinaison de stimulation audio, de th\u00e9rapie par vibrations et de lumi\u00e8re d'ambiance pour cr\u00e9er une exp\u00e9rience de bien-\u00eatre globale. La stimulation audio cibl\u00e9e avec des fr\u00e9quences sp\u00e9cifiques peut influencer les ondes c\u00e9r\u00e9brales de l'utilisateur et favoriser des \u00e9tats tels qu'une relaxation profonde ou une vigilance mentale accrue. La th\u00e9rapie par vibrations suppl\u00e9mentaire soutient la circulation sanguine et favorise la relaxation musculaire, tandis que la lumi\u00e8re d'ambiance cr\u00e9e une atmosph\u00e8re apaisante. <\/p>\n\n\n\n<div class=\"wp-block-buttons is-layout-flex wp-block-buttons-is-layout-flex\">\n<div class=\"wp-block-button is-style-outline is-style-outline--3\"><a class=\"wp-block-button__link wp-element-button\" href=\"\/fr\/produit\/welnamis-tiefenentspannungsliege\/\" target=\"_blank\" rel=\"noreferrer noopener\">Welnamis<\/a><\/div>\n<\/div>\n<\/div>\n<\/div>\n\n\n\n<div style=\"height:50px\" aria-hidden=\"true\" class=\"wp-block-spacer\"><\/div>\n\n\n\n<hr class=\"wp-block-separator has-alpha-channel-opacity\"\/>\n\n\n\n<div style=\"height:50px\" aria-hidden=\"true\" class=\"wp-block-spacer\"><\/div>\n\n\n\n<h2 class=\"wp-block-heading has-text-align-center\">Avez-vous des questions sur le sujet ?<\/h2>\n\n\n\n<p class=\"has-text-align-center wp-block-paragraph\">Nous sommes \u00e0 votre enti\u00e8re disposition pour toute information compl\u00e9mentaire et pour r\u00e9pondre \u00e0 vos questions de mani\u00e8re personnalis\u00e9e.<\/p>\n\n\n\n<div style=\"height:10px\" aria-hidden=\"true\" class=\"wp-block-spacer\"><\/div>\n\n\n\n<div class=\"wp-block-buttons is-content-justification-center is-layout-flex wp-container-core-buttons-is-layout-3e41869c wp-block-buttons-is-layout-flex\">\n<div class=\"wp-block-button is-style-outline is-style-outline--4\"><a class=\"wp-block-button__link wp-element-button\" href=\"\/fr\/contact\/\" style=\"border-width:1px\">Prendre contact maintenant<\/a><\/div>\n<\/div>\n\n\n\n<p class=\"wp-block-paragraph\"><\/p>","protected":false},"excerpt":{"rendered":"<p>Dans notre monde au rythme effr\u00e9n\u00e9 et satur\u00e9 de stimuli, de plus en plus de personnes recherchent des m\u00e9thodes efficaces pour r\u00e9duire le stress, favoriser la clart\u00e9 mentale et ainsi am\u00e9liorer leur bien-\u00eatre g\u00e9n\u00e9ral. Une technique prometteuse est le soi-disant \"Brainwave Entrainment\" \u2013 une m\u00e9thode qui vise \u00e0 synchroniser les ondes c\u00e9r\u00e9brales par des stimuli externes, r\u00e9duisant ainsi la surcharge mentale et redonnant de l'\u00e9nergie au corps.<\/p>","protected":false},"author":1,"featured_media":60786,"comment_status":"closed","ping_status":"open","sticky":false,"template":"","format":"standard","meta":{"_acf_changed":false,"footnotes":""},"categories":[63,1],"tags":[2752],"blog_topic":[2747],"class_list":["post-60787","post","type-post","status-publish","format-standard","has-post-thumbnail","hentry","category-longevity","category-spa-aesthetic","tag-brainwave-entrainment","blog_topic-mental-wellbeing"],"acf":[],"yoast_head":"<!-- This site is optimized with the Yoast SEO plugin v28.2 - https:\/\/yoast.com\/product\/yoast-seo-wordpress\/ -->\n<title>Dem Gehirn neuen Fokus verschaffen!<\/title>\n<meta name=\"description\" content=\"Dem Gehirn neuen Fokus verschaffen!\" \/>\n<meta name=\"robots\" content=\"index, follow, max-snippet:-1, max-image-preview:large, max-video-preview:-1\" \/>\n<link rel=\"canonical\" href=\"https:\/\/avant-age.live\/fr\/synchronisation-des-ondes-cerebrales\/\" \/>\n<meta property=\"og:locale\" content=\"fr_FR\" \/>\n<meta property=\"og:type\" content=\"article\" \/>\n<meta property=\"og:title\" content=\"Dem Gehirn neuen Fokus verschaffen!\" \/>\n<meta property=\"og:description\" content=\"Dem Gehirn neuen Fokus verschaffen!\" \/>\n<meta property=\"og:url\" content=\"https:\/\/avant-age.live\/fr\/synchronisation-des-ondes-cerebrales\/\" \/>\n<meta property=\"og:site_name\" content=\"MTR Equipments\" \/>\n<meta property=\"article:published_time\" content=\"2025-03-11T09:20:00+00:00\" \/>\n<meta property=\"article:modified_time\" content=\"2026-08-31T10:19:26+00:00\" \/>\n<meta property=\"og:image\" content=\"https:\/\/avant-age.live\/wp-content\/uploads\/2026\/07\/brainwave-entrainment_titel.webp\" \/>\n\t<meta property=\"og:image:width\" content=\"1500\" \/>\n\t<meta property=\"og:image:height\" content=\"725\" \/>\n\t<meta property=\"og:image:type\" content=\"image\/webp\" \/>\n<meta name=\"author\" content=\"admin\" \/>\n<meta name=\"twitter:card\" content=\"summary_large_image\" \/>\n<meta name=\"twitter:label1\" content=\"\u00c9crit par\" \/>\n\t<meta name=\"twitter:data1\" content=\"admin\" \/>\n\t<meta name=\"twitter:label2\" content=\"Dur\u00e9e de lecture estim\u00e9e\" \/>\n\t<meta name=\"twitter:data2\" content=\"11 minutes\" \/>\n<script type=\"application\/ld+json\" class=\"yoast-schema-graph\">{\"@context\":\"https:\\\/\\\/schema.org\",\"@graph\":[{\"@type\":\"Article\",\"@id\":\"https:\\\/\\\/avant-age.live\\\/brainwave-entrainment\\\/#article\",\"isPartOf\":{\"@id\":\"https:\\\/\\\/avant-age.live\\\/brainwave-entrainment\\\/\"},\"author\":{\"name\":\"admin\",\"@id\":\"https:\\\/\\\/avant-age.live\\\/#\\\/schema\\\/person\\\/7de62dc13cf1d453150ab0ec05619386\"},\"headline\":\"Dem Gehirn neuen Fokus verschaffen\",\"datePublished\":\"2025-03-11T09:20:00+00:00\",\"dateModified\":\"2026-08-31T10:19:26+00:00\",\"mainEntityOfPage\":{\"@id\":\"https:\\\/\\\/avant-age.live\\\/brainwave-entrainment\\\/\"},\"wordCount\":1674,\"image\":{\"@id\":\"https:\\\/\\\/avant-age.live\\\/brainwave-entrainment\\\/#primaryimage\"},\"thumbnailUrl\":\"https:\\\/\\\/avant-age.live\\\/wp-content\\\/uploads\\\/2026\\\/07\\\/brainwave-entrainment_titel.webp\",\"keywords\":[\"brainwave entrainment\"],\"articleSection\":[\"Longevity\",\"Spa\\\/Aesthetic\"],\"inLanguage\":\"fr-FR\"},{\"@type\":\"WebPage\",\"@id\":\"https:\\\/\\\/avant-age.live\\\/brainwave-entrainment\\\/\",\"url\":\"https:\\\/\\\/avant-age.live\\\/brainwave-entrainment\\\/\",\"name\":\"Dem Gehirn neuen Fokus verschaffen!\",\"isPartOf\":{\"@id\":\"https:\\\/\\\/avant-age.live\\\/#website\"},\"primaryImageOfPage\":{\"@id\":\"https:\\\/\\\/avant-age.live\\\/brainwave-entrainment\\\/#primaryimage\"},\"image\":{\"@id\":\"https:\\\/\\\/avant-age.live\\\/brainwave-entrainment\\\/#primaryimage\"},\"thumbnailUrl\":\"https:\\\/\\\/avant-age.live\\\/wp-content\\\/uploads\\\/2026\\\/07\\\/brainwave-entrainment_titel.webp\",\"datePublished\":\"2025-03-11T09:20:00+00:00\",\"dateModified\":\"2026-08-31T10:19:26+00:00\",\"author\":{\"@id\":\"https:\\\/\\\/avant-age.live\\\/#\\\/schema\\\/person\\\/7de62dc13cf1d453150ab0ec05619386\"},\"description\":\"Dem Gehirn neuen Fokus verschaffen!\",\"breadcrumb\":{\"@id\":\"https:\\\/\\\/avant-age.live\\\/brainwave-entrainment\\\/#breadcrumb\"},\"inLanguage\":\"fr-FR\",\"potentialAction\":[{\"@type\":\"ReadAction\",\"target\":[\"https:\\\/\\\/avant-age.live\\\/brainwave-entrainment\\\/\"]}]},{\"@type\":\"ImageObject\",\"inLanguage\":\"fr-FR\",\"@id\":\"https:\\\/\\\/avant-age.live\\\/brainwave-entrainment\\\/#primaryimage\",\"url\":\"https:\\\/\\\/avant-age.live\\\/wp-content\\\/uploads\\\/2026\\\/07\\\/brainwave-entrainment_titel.webp\",\"contentUrl\":\"https:\\\/\\\/avant-age.live\\\/wp-content\\\/uploads\\\/2026\\\/07\\\/brainwave-entrainment_titel.webp\",\"width\":1500,\"height\":725},{\"@type\":\"BreadcrumbList\",\"@id\":\"https:\\\/\\\/avant-age.live\\\/brainwave-entrainment\\\/#breadcrumb\",\"itemListElement\":[{\"@type\":\"ListItem\",\"position\":1,\"name\":\"Home\",\"item\":\"https:\\\/\\\/avant-age.live\\\/\"},{\"@type\":\"ListItem\",\"position\":2,\"name\":\"Dem Gehirn neuen Fokus verschaffen\"}]},{\"@type\":\"WebSite\",\"@id\":\"https:\\\/\\\/avant-age.live\\\/#website\",\"url\":\"https:\\\/\\\/avant-age.live\\\/\",\"name\":\"MTR Equipments\",\"description\":\"\",\"potentialAction\":[{\"@type\":\"SearchAction\",\"target\":{\"@type\":\"EntryPoint\",\"urlTemplate\":\"https:\\\/\\\/avant-age.live\\\/?s={search_term_string}\"},\"query-input\":{\"@type\":\"PropertyValueSpecification\",\"valueRequired\":true,\"valueName\":\"search_term_string\"}}],\"inLanguage\":\"fr-FR\"},{\"@type\":\"Person\",\"@id\":\"https:\\\/\\\/avant-age.live\\\/#\\\/schema\\\/person\\\/7de62dc13cf1d453150ab0ec05619386\",\"name\":\"admin\",\"image\":{\"@type\":\"ImageObject\",\"inLanguage\":\"fr-FR\",\"@id\":\"https:\\\/\\\/secure.gravatar.com\\\/avatar\\\/767cd3a4a72d9c0b75e32b7b9db68a18c915e21cbee52732beb90310749a1b9d?s=96&d=https%3A%2F%2Favant-age.live%2Fwp-content%2Fthemes%2Fhello-theme-child-master%2Fassets%2Fimages%2Favatar.png&r=g\",\"url\":\"https:\\\/\\\/secure.gravatar.com\\\/avatar\\\/767cd3a4a72d9c0b75e32b7b9db68a18c915e21cbee52732beb90310749a1b9d?s=96&d=https%3A%2F%2Favant-age.live%2Fwp-content%2Fthemes%2Fhello-theme-child-master%2Fassets%2Fimages%2Favatar.png&r=g\",\"contentUrl\":\"https:\\\/\\\/secure.gravatar.com\\\/avatar\\\/767cd3a4a72d9c0b75e32b7b9db68a18c915e21cbee52732beb90310749a1b9d?s=96&d=https%3A%2F%2Favant-age.live%2Fwp-content%2Fthemes%2Fhello-theme-child-master%2Fassets%2Fimages%2Favatar.png&r=g\",\"caption\":\"admin\"},\"sameAs\":[\"https:\\\/\\\/avant-age.live\"]}]}<\/script>\n<!-- \/ Yoast SEO plugin. -->","yoast_head_json":{"title":"Donner un nouveau focus au cerveau !","description":"Donner un nouveau focus au cerveau !","robots":{"index":"index","follow":"follow","max-snippet":"max-snippet:-1","max-image-preview":"max-image-preview:large","max-video-preview":"max-video-preview:-1"},"canonical":"https:\/\/avant-age.live\/fr\/synchronisation-des-ondes-cerebrales\/","og_locale":"fr_FR","og_type":"article","og_title":"Dem Gehirn neuen Fokus verschaffen!","og_description":"Dem Gehirn neuen Fokus verschaffen!","og_url":"https:\/\/avant-age.live\/fr\/synchronisation-des-ondes-cerebrales\/","og_site_name":"MTR Equipments","article_published_time":"2025-03-11T09:20:00+00:00","article_modified_time":"2026-08-31T10:19:26+00:00","og_image":[{"width":1500,"height":725,"url":"https:\/\/avant-age.live\/wp-content\/uploads\/2026\/07\/brainwave-entrainment_titel.webp","type":"image\/webp"}],"author":"admin","twitter_card":"summary_large_image","twitter_misc":{"\u00c9crit par":"admin","Dur\u00e9e de lecture estim\u00e9e":"11 minutes"},"schema":{"@context":"https:\/\/schema.org","@graph":[{"@type":"Article","@id":"https:\/\/avant-age.live\/brainwave-entrainment\/#article","isPartOf":{"@id":"https:\/\/avant-age.live\/brainwave-entrainment\/"},"author":{"name":"admin","@id":"https:\/\/avant-age.live\/#\/schema\/person\/7de62dc13cf1d453150ab0ec05619386"},"headline":"Dem Gehirn neuen Fokus verschaffen","datePublished":"2025-03-11T09:20:00+00:00","dateModified":"2026-08-31T10:19:26+00:00","mainEntityOfPage":{"@id":"https:\/\/avant-age.live\/brainwave-entrainment\/"},"wordCount":1674,"image":{"@id":"https:\/\/avant-age.live\/brainwave-entrainment\/#primaryimage"},"thumbnailUrl":"https:\/\/avant-age.live\/wp-content\/uploads\/2026\/07\/brainwave-entrainment_titel.webp","keywords":["brainwave entrainment"],"articleSection":["Longevity","Spa\/Aesthetic"],"inLanguage":"fr-FR"},{"@type":"WebPage","@id":"https:\/\/avant-age.live\/brainwave-entrainment\/","url":"https:\/\/avant-age.live\/brainwave-entrainment\/","name":"Donner un nouveau focus au cerveau !","isPartOf":{"@id":"https:\/\/avant-age.live\/#website"},"primaryImageOfPage":{"@id":"https:\/\/avant-age.live\/brainwave-entrainment\/#primaryimage"},"image":{"@id":"https:\/\/avant-age.live\/brainwave-entrainment\/#primaryimage"},"thumbnailUrl":"https:\/\/avant-age.live\/wp-content\/uploads\/2026\/07\/brainwave-entrainment_titel.webp","datePublished":"2025-03-11T09:20:00+00:00","dateModified":"2026-08-31T10:19:26+00:00","author":{"@id":"https:\/\/avant-age.live\/#\/schema\/person\/7de62dc13cf1d453150ab0ec05619386"},"description":"Donner un nouveau focus au cerveau !","breadcrumb":{"@id":"https:\/\/avant-age.live\/brainwave-entrainment\/#breadcrumb"},"inLanguage":"fr-FR","potentialAction":[{"@type":"ReadAction","target":["https:\/\/avant-age.live\/brainwave-entrainment\/"]}]},{"@type":"ImageObject","inLanguage":"fr-FR","@id":"https:\/\/avant-age.live\/brainwave-entrainment\/#primaryimage","url":"https:\/\/avant-age.live\/wp-content\/uploads\/2026\/07\/brainwave-entrainment_titel.webp","contentUrl":"https:\/\/avant-age.live\/wp-content\/uploads\/2026\/07\/brainwave-entrainment_titel.webp","width":1500,"height":725},{"@type":"BreadcrumbList","@id":"https:\/\/avant-age.live\/brainwave-entrainment\/#breadcrumb","itemListElement":[{"@type":"ListItem","position":1,"name":"Home","item":"https:\/\/avant-age.live\/"},{"@type":"ListItem","position":2,"name":"Dem Gehirn neuen Fokus verschaffen"}]},{"@type":"WebSite","@id":"https:\/\/avant-age.live\/#website","url":"https:\/\/avant-age.live\/","name":"\u00c9quipements MTR","description":"","potentialAction":[{"@type":"SearchAction","target":{"@type":"EntryPoint","urlTemplate":"https:\/\/avant-age.live\/?s={search_term_string}"},"query-input":{"@type":"PropertyValueSpecification","valueRequired":true,"valueName":"search_term_string"}}],"inLanguage":"fr-FR"},{"@type":"Person","@id":"https:\/\/avant-age.live\/#\/schema\/person\/7de62dc13cf1d453150ab0ec05619386","name":"administrateur","image":{"@type":"ImageObject","inLanguage":"fr-FR","@id":"https:\/\/secure.gravatar.com\/avatar\/767cd3a4a72d9c0b75e32b7b9db68a18c915e21cbee52732beb90310749a1b9d?s=96&d=https%3A%2F%2Favant-age.live%2Fwp-content%2Fthemes%2Fhello-theme-child-master%2Fassets%2Fimages%2Favatar.png&r=g","url":"https:\/\/secure.gravatar.com\/avatar\/767cd3a4a72d9c0b75e32b7b9db68a18c915e21cbee52732beb90310749a1b9d?s=96&d=https%3A%2F%2Favant-age.live%2Fwp-content%2Fthemes%2Fhello-theme-child-master%2Fassets%2Fimages%2Favatar.png&r=g","contentUrl":"https:\/\/secure.gravatar.com\/avatar\/767cd3a4a72d9c0b75e32b7b9db68a18c915e21cbee52732beb90310749a1b9d?s=96&d=https%3A%2F%2Favant-age.live%2Fwp-content%2Fthemes%2Fhello-theme-child-master%2Fassets%2Fimages%2Favatar.png&r=g","caption":"admin"},"sameAs":["https:\/\/avant-age.live"]}]}},"_links":{"self":[{"href":"https:\/\/avant-age.live\/fr\/wp-json\/wp\/v2\/posts\/60787","targetHints":{"allow":["GET"]}}],"collection":[{"href":"https:\/\/avant-age.live\/fr\/wp-json\/wp\/v2\/posts"}],"about":[{"href":"https:\/\/avant-age.live\/fr\/wp-json\/wp\/v2\/types\/post"}],"author":[{"embeddable":true,"href":"https:\/\/avant-age.live\/fr\/wp-json\/wp\/v2\/users\/1"}],"replies":[{"embeddable":true,"href":"https:\/\/avant-age.live\/fr\/wp-json\/wp\/v2\/comments?post=60787"}],"version-history":[{"count":5,"href":"https:\/\/avant-age.live\/fr\/wp-json\/wp\/v2\/posts\/60787\/revisions"}],"predecessor-version":[{"id":63868,"href":"https:\/\/avant-age.live\/fr\/wp-json\/wp\/v2\/posts\/60787\/revisions\/63868"}],"wp:featuredmedia":[{"embeddable":true,"href":"https:\/\/avant-age.live\/fr\/wp-json\/wp\/v2\/media\/60786"}],"wp:attachment":[{"href":"https:\/\/avant-age.live\/fr\/wp-json\/wp\/v2\/media?parent=60787"}],"wp:term":[{"taxonomy":"category","embeddable":true,"href":"https:\/\/avant-age.live\/fr\/wp-json\/wp\/v2\/categories?post=60787"},{"taxonomy":"post_tag","embeddable":true,"href":"https:\/\/avant-age.live\/fr\/wp-json\/wp\/v2\/tags?post=60787"},{"taxonomy":"blog_topic","embeddable":true,"href":"https:\/\/avant-age.live\/fr\/wp-json\/wp\/v2\/blog_topic?post=60787"}],"curies":[{"name":"wp","href":"https:\/\/api.w.org\/{rel}","templated":true}]}}