{"id":60570,"date":"2022-11-28T11:25:00","date_gmt":"2022-11-28T11:25:00","guid":{"rendered":"https:\/\/avant-age.live\/?p=60570"},"modified":"2026-08-31T10:40:49","modified_gmt":"2026-08-31T10:40:49","slug":"therapie-par-ions-negatifs-les-effets-positifs-des-ions-negatifs","status":"publish","type":"post","link":"https:\/\/avant-age.live\/fr\/negativ-ionen-therapie-die-positive-wirkung-negativer-ionen\/","title":{"rendered":"Th\u00e9rapie par ions n\u00e9gatifs : L'effet positif des ions n\u00e9gatifs"},"content":{"rendered":"<h2 class=\"wp-block-heading\">Ions n\u00e9gatifs : une aide efficace contre le vieillissement cutan\u00e9 et les probl\u00e8mes de peau<\/h2>\n\n\n\n<p class=\"wp-block-paragraph\">Une peau saine, d'une fra\u00eecheur juv\u00e9nile et moins de rides. Vous rencontrez ce souhait quotidiennement dans votre institut. Des personnes ayant des probl\u00e8mes de peau, tels que l'acn\u00e9, le psoriasis ou des cicatrices, s'adressent \u00e9galement \u00e0 vous pour leurs soucis cutan\u00e9s. Vous pouvez aider efficacement ces personnes gr\u00e2ce \u00e0 une th\u00e9rapie par oxyg\u00e8ne. Qu'est-ce au juste qu'une th\u00e9rapie par oxyg\u00e8ne ou par plasma et quel est son effet ?<br><br>L'oxyg\u00e8ne n\u00e9gativement ionis\u00e9 (plasma) stimule le m\u00e9tabolisme cellulaire et peut retarder le vieillissement cutan\u00e9. Le traitement par la lumi\u00e8re color\u00e9e active la production de collag\u00e8ne, renforce le tissu conjonctif et am\u00e9liore la r\u00e9g\u00e9n\u00e9ration ainsi que l'aspect de la peau. Il apaise \u00e9galement les nerfs et renforce le syst\u00e8me immunitaire. Ce n'est pas n\u00e9gligeable pendant les mois froids et sombres.<\/p>\n\n\n\n<div style=\"height:50px\" aria-hidden=\"true\" class=\"wp-block-spacer\"><\/div>\n\n\n\n<h2 class=\"wp-block-heading\">Einstein a d\u00e9j\u00e0 d\u00e9crit le principe des ions n\u00e9gatifs.<\/h2>\n\n\n\n<p class=\"wp-block-paragraph\">Dans les ann\u00e9es 1920, Albert Einstein faisait l'\u00e9loge de l'\u00e9lectricit\u00e9 pr\u00e9sente dans l'air des montagnes de Davos. Et il avan\u00e7ait que l'\u00eatre humain est bel et bien un \u00eatre \u00e9lectrique. Tous les processus m\u00e9taboliques reposent sur l'\u00e9change de particules \u00e9lectriques charg\u00e9es positivement et n\u00e9gativement. Et \u00e0 Davos, il y a tout simplement plus de ces particules \u00e9lectriques que nous absorbons en respirant qu'ailleurs. Rien que cela favorise notre vitalit\u00e9 physique et mentale.<br><br>Cette approche a ensuite \u00e9t\u00e9 d\u00e9velopp\u00e9e de mani\u00e8re de plus en plus pouss\u00e9e dans la m\u00e9decine orient\u00e9e vers la physique quantique. On la retrouve en baln\u00e9ologie, en hydroth\u00e9rapie et dans ce qu'on appelle l'a\u00e9ro-ionoth\u00e9rapie. Et depuis quelques ann\u00e9es, cette approche existe aussi en cosm\u00e9tique. Ainsi, la th\u00e9rapie par ions n\u00e9gatifs fait de v\u00e9ritables miracles, par exemple dans les soins du visage curatifs et dans l'anti-\u00e2ge.<\/p>\n\n\n\n<div style=\"height:50px\" aria-hidden=\"true\" class=\"wp-block-spacer\"><\/div>\n\n\n\n<div class=\"wp-block-columns is-layout-flex wp-container-core-columns-is-layout-7387b849 wp-block-columns-is-layout-flex\">\n<div class=\"wp-block-column is-layout-flow wp-block-column-is-layout-flow\">\n<figure class=\"wp-block-image size-full\"><img fetchpriority=\"high\" decoding=\"async\" width=\"800\" height=\"500\" src=\"https:\/\/avant-age.live\/wp-content\/smush-webp\/2026\/07\/PLT-Haube_04.jpg.webp\" alt=\"\" class=\"wp-image-60572\" srcset=\"https:\/\/avant-age.live\/wp-content\/smush-webp\/2026\/07\/PLT-Haube_04.jpg.webp 800w, https:\/\/avant-age.live\/wp-content\/smush-webp\/2026\/07\/PLT-Haube_04-300x188.jpg.webp 300w, https:\/\/avant-age.live\/wp-content\/smush-webp\/2026\/07\/PLT-Haube_04-768x480.jpg.webp 768w, https:\/\/avant-age.live\/wp-content\/smush-webp\/2026\/07\/PLT-Haube_04-18x12.jpg.webp 18w, https:\/\/avant-age.live\/wp-content\/smush-webp\/2026\/07\/PLT-Haube_04-130x81.jpg.webp 130w, https:\/\/avant-age.live\/wp-content\/smush-webp\/2026\/07\/PLT-Haube_04-600x375.jpg.webp 600w\" sizes=\"(max-width: 800px) 100vw, 800px\" data-smush-webp-fallback=\"{&quot;src&quot;:&quot;https:\\\/\\\/avant-age.live\\\/wp-content\\\/uploads\\\/2026\\\/07\\\/PLT-Haube_04.jpg&quot;,&quot;srcset&quot;:&quot;https:\\\/\\\/avant-age.live\\\/wp-content\\\/uploads\\\/2026\\\/07\\\/PLT-Haube_04.jpg 800w, https:\\\/\\\/avant-age.live\\\/wp-content\\\/uploads\\\/2026\\\/07\\\/PLT-Haube_04-300x188.jpg 300w, https:\\\/\\\/avant-age.live\\\/wp-content\\\/uploads\\\/2026\\\/07\\\/PLT-Haube_04-768x480.jpg 768w, https:\\\/\\\/avant-age.live\\\/wp-content\\\/uploads\\\/2026\\\/07\\\/PLT-Haube_04-18x12.jpg 18w, https:\\\/\\\/avant-age.live\\\/wp-content\\\/uploads\\\/2026\\\/07\\\/PLT-Haube_04-130x81.jpg 130w, https:\\\/\\\/avant-age.live\\\/wp-content\\\/uploads\\\/2026\\\/07\\\/PLT-Haube_04-600x375.jpg 600w&quot;}\" \/><\/figure>\n<\/div>\n\n\n\n<div class=\"wp-block-column is-layout-flow wp-block-column-is-layout-flow\">\n<h2 class=\"wp-block-heading\">Qu'est-ce que la th\u00e9rapie par ions n\u00e9gatifs ?<\/h2>\n\n\n\n<p class=\"wp-block-paragraph\">La th\u00e9rapie par ions n\u00e9gatifs ou th\u00e9rapie par plasma est un traitement de sant\u00e9 et de beaut\u00e9 alternatif dot\u00e9 d'un effet \u00e9tonnant. Elle repose sur l'id\u00e9e que notre corps a besoin d'oxyg\u00e8ne de haute qualit\u00e9. Les experts de la peau sont unanimes sur ce point : la principale cause du vieillissement \u2013 et en particulier du vieillissement cutan\u00e9 \u2013 est un manque d'oxyg\u00e8ne. Et ce n'est pas seulement la quantit\u00e9 d'oxyg\u00e8ne qui compte, mais avant tout sa qualit\u00e9. Il s'agit de la qualit\u00e9 \u00e9nerg\u00e9tique de l'oxyg\u00e8ne.<br><br>Chaque mol\u00e9cule d'oxyg\u00e8ne est entour\u00e9e de particules \u00e9lectriques, les ions. Parmi eux se trouvent des ions positifs et n\u00e9gatifs. Tous deux ont des effets diff\u00e9rents sur l'organisme humain. S'il y a plus d'ions positifs que n\u00e9gatifs, ceux-ci se d\u00e9veloppent en radicaux libres d'oxyg\u00e8ne et attaquent les cellules. Le corps poss\u00e8de certes des syst\u00e8mes de d\u00e9fense pour lutter contre ces radicaux. Cependant, s'il y a trop d'ions positifs, le syst\u00e8me immunitaire est endommag\u00e9. La d\u00e9g\u00e9n\u00e9rescence du corps humain et le processus de vieillissement commencent. La peau est alors particuli\u00e8rement touch\u00e9e. Les ions positifs contribuent au processus de vieillissement, tandis que les ions n\u00e9gatifs le freinent.<\/p>\n\n\n\n<p class=\"wp-block-paragraph\">Les appareils de haute qualit\u00e9 de la gamme MTR Equipments \u2013 tels que le capot PLT ou le syst\u00e8me multi-biohacking MCS \u2013 contrent ce ph\u00e9nom\u00e8ne. Ils apportent \u00e0 la peau des clients des ions n\u00e9gatifs revitalisants.<\/p>\n<\/div>\n<\/div>\n\n\n\n<div style=\"height:50px\" aria-hidden=\"true\" class=\"wp-block-spacer\"><\/div>\n\n\n\n<div class=\"wp-block-columns is-layout-flex wp-container-core-columns-is-layout-7387b849 wp-block-columns-is-layout-flex\">\n<div class=\"wp-block-column is-layout-flow wp-block-column-is-layout-flow\">\n<h2 class=\"wp-block-heading\">Les ions positifs et n\u00e9gatifs existent naturellement dans l'air.<\/h2>\n\n\n\n<p class=\"wp-block-paragraph\">Pour vivre, nous avons besoin d'ions positifs et n\u00e9gatifs. Tous deux interagissent entre eux et g\u00e9n\u00e8rent ainsi de l'\u00e9nergie vitale. Le probl\u00e8me se pose lorsque le rapport entre les ions n\u00e9gatifs et positifs n'est plus \u00e9quilibr\u00e9 ! Un exc\u00e8s d'ions positifs est alors nocif.<br><br>Les ions positifs (cations), associ\u00e9s aux radicaux libres, provoquent l'oxydation des cellules et augmentent ainsi l'acidit\u00e9 du sang. Ils affaiblissent ainsi le syst\u00e8me nerveux et immunitaire et acc\u00e9l\u00e8rent le vieillissement. Un exc\u00e8s d'ions positifs dans le corps humain entra\u00eene, entre autres, la fatigue, la d\u00e9pression, l'irritabilit\u00e9 et une tension art\u00e9rielle \u00e9lev\u00e9e.<\/p>\n\n\n\n<p class=\"wp-block-paragraph\">Les ions n\u00e9gatifs (anions) se trouvent en concentration particuli\u00e8rement \u00e9lev\u00e9e dans les for\u00eats, pr\u00e8s des cascades et apr\u00e8s un orage. Ils soutiennent le syst\u00e8me immunitaire et le renouvellement des cellules cutan\u00e9es en r\u00e9duisant les radicaux libres. Les ions n\u00e9gatifs neutralisent \u00e9galement les ions positifs. Ils contribuent \u00e0 une plus grande efficacit\u00e9 et \u00e0 la bonne humeur, et retardent le processus de vieillissement. De plus, ils r\u00e9duisent les microbes, neutralisent les odeurs et peuvent agglom\u00e9rer la poussi\u00e8re.<\/p>\n<\/div>\n\n\n\n<div class=\"wp-block-column is-layout-flow wp-block-column-is-layout-flow\">\n<figure class=\"wp-block-image size-full\"><img decoding=\"async\" width=\"800\" height=\"500\" data-src=\"https:\/\/avant-age.live\/wp-content\/smush-webp\/2026\/07\/negativ-ionen-therapie-beitragsbild-1-november-2022.jpg.webp\" alt=\"\" class=\"wp-image-60573 lazyload\" data-srcset=\"https:\/\/avant-age.live\/wp-content\/smush-webp\/2026\/07\/negativ-ionen-therapie-beitragsbild-1-november-2022.jpg.webp 800w, https:\/\/avant-age.live\/wp-content\/smush-webp\/2026\/07\/negativ-ionen-therapie-beitragsbild-1-november-2022-300x188.jpg.webp 300w, https:\/\/avant-age.live\/wp-content\/smush-webp\/2026\/07\/negativ-ionen-therapie-beitragsbild-1-november-2022-768x480.jpg.webp 768w, https:\/\/avant-age.live\/wp-content\/smush-webp\/2026\/07\/negativ-ionen-therapie-beitragsbild-1-november-2022-18x12.jpg.webp 18w, https:\/\/avant-age.live\/wp-content\/smush-webp\/2026\/07\/negativ-ionen-therapie-beitragsbild-1-november-2022-130x81.jpg.webp 130w, https:\/\/avant-age.live\/wp-content\/smush-webp\/2026\/07\/negativ-ionen-therapie-beitragsbild-1-november-2022-600x375.jpg.webp 600w\" data-sizes=\"auto\" src=\"data:image\/svg+xml;base64,PHN2ZyB3aWR0aD0iMSIgaGVpZ2h0PSIxIiB4bWxucz0iaHR0cDovL3d3dy53My5vcmcvMjAwMC9zdmciPjwvc3ZnPg==\" style=\"--smush-placeholder-width: 800px; --smush-placeholder-aspect-ratio: 800\/500;\" data-original-sizes=\"(max-width: 800px) 100vw, 800px\" data-smush-webp-fallback=\"{&quot;data-src&quot;:&quot;https:\\\/\\\/avant-age.live\\\/wp-content\\\/uploads\\\/2026\\\/07\\\/negativ-ionen-therapie-beitragsbild-1-november-2022.jpg&quot;,&quot;data-srcset&quot;:&quot;https:\\\/\\\/avant-age.live\\\/wp-content\\\/uploads\\\/2026\\\/07\\\/negativ-ionen-therapie-beitragsbild-1-november-2022.jpg 800w, https:\\\/\\\/avant-age.live\\\/wp-content\\\/uploads\\\/2026\\\/07\\\/negativ-ionen-therapie-beitragsbild-1-november-2022-300x188.jpg 300w, https:\\\/\\\/avant-age.live\\\/wp-content\\\/uploads\\\/2026\\\/07\\\/negativ-ionen-therapie-beitragsbild-1-november-2022-768x480.jpg 768w, https:\\\/\\\/avant-age.live\\\/wp-content\\\/uploads\\\/2026\\\/07\\\/negativ-ionen-therapie-beitragsbild-1-november-2022-18x12.jpg 18w, https:\\\/\\\/avant-age.live\\\/wp-content\\\/uploads\\\/2026\\\/07\\\/negativ-ionen-therapie-beitragsbild-1-november-2022-130x81.jpg 130w, https:\\\/\\\/avant-age.live\\\/wp-content\\\/uploads\\\/2026\\\/07\\\/negativ-ionen-therapie-beitragsbild-1-november-2022-600x375.jpg 600w&quot;}\" \/><\/figure>\n<\/div>\n<\/div>\n\n\n\n<div style=\"height:50px\" aria-hidden=\"true\" class=\"wp-block-spacer\"><\/div>\n\n\n\n<h2 class=\"wp-block-heading\">Pourquoi la concentration d'ions positifs dans l'environnement est-elle si \u00e9lev\u00e9e ?<\/h2>\n\n\n\n<p class=\"wp-block-paragraph\">Dans un environnement sain, le rapport entre ions positifs et n\u00e9gatifs est \u00e0 peu pr\u00e8s \u00e9quilibr\u00e9. En raison de notre mode de vie moderne, de la pollution et du smog \u00e9lectromagn\u00e9tique de la technologie moderne, cet \u00e9quilibre est gravement perturb\u00e9. Une quantit\u00e9 saine d'ions n\u00e9gatifs est de 1 000 par centim\u00e8tre cube, une valeur de 2 000 par centim\u00e8tre cube \u00e9tant optimale. En r\u00e9alit\u00e9, on mesure dans les appartements des centres-villes des valeurs inf\u00e9rieures \u00e0 100 par centim\u00e8tre cube ! Dans les bureaux \u00e9quip\u00e9s d'ordinateurs et de photocopieurs, la valeur est encore plus basse.<br><br>Les ions positifs sont g\u00e9n\u00e9r\u00e9s par des appareils \u00e9lectroniques tels que les t\u00e9l\u00e9phones portables, les ordinateurs, les imprimantes et les photocopieurs. Ils sont produits par le smog et les gaz d'\u00e9chappement, ainsi que par les tubes fluorescents et les climatiseurs. Les pesticides et les additifs alimentaires entra\u00eenent \u00e9galement un exc\u00e8s d'ions positifs. De plus, les b\u00e2timents \u00e9vacuent les ions n\u00e9gatifs. Il n'est donc pas \u00e9tonnant que l'on se sente fatigu\u00e9 et abattu apr\u00e8s une longue journ\u00e9e au bureau ou en ville. La peau a l'air vieille, grise et rid\u00e9e ! Ici, vous pouvez faire de v\u00e9ritables miracles avec le bonnet PLT pour l'anti-\u00e2ge de la gamme de MTR \u2013 Health &amp; Spa AG en fournissant \u00e0 la peau des clients des ions n\u00e9gatifs revitalisants. Le wellness m\u00e9dical est aujourd'hui plus tendance que jamais !<\/p>\n\n\n\n<div style=\"height:50px\" aria-hidden=\"true\" class=\"wp-block-spacer\"><\/div>\n\n\n\n<h2 class=\"wp-block-heading\">Pourquoi la th\u00e9rapie par ions n\u00e9gatifs ralentit-elle le processus de vieillissement ?<\/h2>\n\n\n\n<p class=\"wp-block-paragraph\">Les mol\u00e9cules d'oxyg\u00e8ne enrichies en ions n\u00e9gatifs neutralisent les ions positifs g\u00e9n\u00e9r\u00e9s par les rayonnements ou les toxines environnementales. Ces ions charg\u00e9s n\u00e9gativement ont un effet b\u00e9n\u00e9fique sur la sant\u00e9 et le bien-\u00eatre, tout en ralentissant le processus de vieillissement. Les ions positifs, ainsi que les radicaux libres, provoquent l'oxydation des cellules dans tout le corps. Ils augmentent l'acidit\u00e9 du sang, affaiblissent le syst\u00e8me immunitaire et le syst\u00e8me nerveux, ce qui entra\u00eene un vieillissement pr\u00e9matur\u00e9.<br><br>Les ions n\u00e9gatifs p\u00e9n\u00e8trent dans le corps par l'air respir\u00e9, mais sont \u00e9galement absorb\u00e9s par la peau. Ils am\u00e9liorent l'\u00e9piderme ainsi que le tissu sous-cutan\u00e9 et ont un effet positif sur le rajeunissement de la peau et la division cellulaire. Ils comptent ainsi parmi les soins de beaut\u00e9 pris\u00e9s. Ils am\u00e9liorent \u00e9galement les affections cutan\u00e9es telles que le psoriasis, l'acn\u00e9, les br\u00fblures et l'urticaire. Les ions n\u00e9gatifs neutralisent les acides dans l'interstitium et favorisent ainsi la synth\u00e8se du collag\u00e8ne. Ils ont \u00e9galement un effet positif sur le syst\u00e8me nerveux : le taux de s\u00e9rotonine augmente, l'hyperactivit\u00e9, le stress et l'\u00e9puisement disparaissent. Les ions n\u00e9gatifs am\u00e9liorent la circulation sanguine, font baisser la tension art\u00e9rielle et favorisent la purification du sang. L'\u00e9limination des toxines ainsi qu'un syst\u00e8me immunitaire fort ont un impact positif sur le bien-\u00eatre g\u00e9n\u00e9ral et l'apparence.<\/p>\n\n\n\n<div style=\"height:50px\" aria-hidden=\"true\" class=\"wp-block-spacer\"><\/div>\n\n\n\n<h2 class=\"wp-block-heading\">Dermionologie\u00ae \u2013 le \u00ab plus \u00bb en mati\u00e8re d'anti-\u00e2ge naturel et de revitalisation<\/h2>\n\n\n\n<p class=\"wp-block-paragraph\">Fournir au corps un nombre suffisant d'ions n\u00e9gatifs peut se faire de mani\u00e8re naturelle, comme lors d'une promenade en for\u00eat, en montagne, au bord d'une rivi\u00e8re ou de la mer. Mais cela fonctionne aussi par voie technique gr\u00e2ce \u00e0 une th\u00e9rapie par ions n\u00e9gatifs issue du programme MTR. S'il y a 2 500 ions n\u00e9gatifs dans l'air d'une for\u00eat, un appareil \u00e0 ions n\u00e9gatifs peut fournir au corps rapidement et facilement jusqu'\u00e0 5 millions d'ions n\u00e9gatifs par centim\u00e8tre cube et plus.<br>Avec le bonnet PLT ou le syst\u00e8me de multi-biohacking MCS, vous disposez de m\u00e9thodes innovantes qui peuvent ralentir le vieillissement cutan\u00e9 et la d\u00e9g\u00e9n\u00e9rescence.<\/p>\n\n\n\n<div style=\"height:50px\" aria-hidden=\"true\" class=\"wp-block-spacer\"><\/div>\n\n\n\n<h2 class=\"wp-block-heading\">Comment fonctionne la th\u00e9rapie par plasma avec traitement par couleur de lumi\u00e8re<\/h2>\n\n\n\n<p class=\"wp-block-paragraph\">Les appareils de beaut\u00e9 m\u00e9dicale de la gamme MTR g\u00e9n\u00e8rent des ions n\u00e9gatifs presque exclusivement \u00e0 partir de l'air ambiant gr\u00e2ce \u00e0 un g\u00e9n\u00e9rateur. L'air enrichi en ions est inhal\u00e9 par la respiration ou absorb\u00e9 par la peau. Le traitement s'effectue donc sans bouteille d'oxyg\u00e8ne et ne n\u00e9cessite aucune formation particuli\u00e8re. Si l'on combine la th\u00e9rapie par ions n\u00e9gatifs avec la photobiomodulation, l'effet peut \u00eatre encore renforc\u00e9, car les deux th\u00e9rapies se d\u00e9clenchent mutuellement.<\/p>\n\n\n\n<div class=\"wp-block-columns is-layout-flex wp-container-core-columns-is-layout-7387b849 wp-block-columns-is-layout-flex\">\n<div class=\"wp-block-column is-layout-flow wp-block-column-is-layout-flow\">\n<figure class=\"wp-block-image alignleft size-full\"><img decoding=\"async\" width=\"800\" height=\"500\" data-src=\"https:\/\/avant-age.live\/wp-content\/smush-webp\/2026\/07\/PLT-Haube.jpg.webp\" alt=\"\" class=\"wp-image-60574 lazyload\" data-srcset=\"https:\/\/avant-age.live\/wp-content\/smush-webp\/2026\/07\/PLT-Haube.jpg.webp 800w, https:\/\/avant-age.live\/wp-content\/smush-webp\/2026\/07\/PLT-Haube-300x188.jpg.webp 300w, https:\/\/avant-age.live\/wp-content\/smush-webp\/2026\/07\/PLT-Haube-768x480.jpg.webp 768w, https:\/\/avant-age.live\/wp-content\/smush-webp\/2026\/07\/PLT-Haube-18x12.jpg.webp 18w, https:\/\/avant-age.live\/wp-content\/smush-webp\/2026\/07\/PLT-Haube-130x81.jpg.webp 130w, https:\/\/avant-age.live\/wp-content\/smush-webp\/2026\/07\/PLT-Haube-600x375.jpg.webp 600w\" data-sizes=\"auto\" src=\"data:image\/svg+xml;base64,PHN2ZyB3aWR0aD0iMSIgaGVpZ2h0PSIxIiB4bWxucz0iaHR0cDovL3d3dy53My5vcmcvMjAwMC9zdmciPjwvc3ZnPg==\" style=\"--smush-placeholder-width: 800px; --smush-placeholder-aspect-ratio: 800\/500;\" data-original-sizes=\"(max-width: 800px) 100vw, 800px\" data-smush-webp-fallback=\"{&quot;data-src&quot;:&quot;https:\\\/\\\/avant-age.live\\\/wp-content\\\/uploads\\\/2026\\\/07\\\/PLT-Haube.jpg&quot;,&quot;data-srcset&quot;:&quot;https:\\\/\\\/avant-age.live\\\/wp-content\\\/uploads\\\/2026\\\/07\\\/PLT-Haube.jpg 800w, https:\\\/\\\/avant-age.live\\\/wp-content\\\/uploads\\\/2026\\\/07\\\/PLT-Haube-300x188.jpg 300w, https:\\\/\\\/avant-age.live\\\/wp-content\\\/uploads\\\/2026\\\/07\\\/PLT-Haube-768x480.jpg 768w, https:\\\/\\\/avant-age.live\\\/wp-content\\\/uploads\\\/2026\\\/07\\\/PLT-Haube-18x12.jpg 18w, https:\\\/\\\/avant-age.live\\\/wp-content\\\/uploads\\\/2026\\\/07\\\/PLT-Haube-130x81.jpg 130w, https:\\\/\\\/avant-age.live\\\/wp-content\\\/uploads\\\/2026\\\/07\\\/PLT-Haube-600x375.jpg 600w&quot;}\" \/><\/figure>\n<\/div>\n\n\n\n<div class=\"wp-block-column is-vertically-aligned-center is-layout-flow wp-block-column-is-layout-flow\">\n<h5 class=\"wp-block-heading\">Capuche PLT \u2013 Plasma &amp; luminoth\u00e9rapie pour la sant\u00e9 de la peau<\/h5>\n\n\n\n<p class=\"wp-block-paragraph\">Le caisson PLT est une th\u00e9rapie par ions n\u00e9gatifs qui alimente le visage, les voies respiratoires ainsi que l'organisme tout entier en ions d'oxyg\u00e8ne de haute qualit\u00e9, et donc en \u00e9nergie essentielle, par le biais d'un d\u00f4me en plexiglas. Le traitement par chromoth\u00e9rapie qui l'accompagne renforce encore ces effets positifs. La peau para\u00eet visiblement plus jeune, les peaux \u00e0 probl\u00e8mes se normalisent et la sant\u00e9 cutan\u00e9e s'am\u00e9liore. La personne dans sa globalit\u00e9 se sent plus vitale, pleine d'\u00e9nergie, et le m\u00e9tabolisme de tout l'organisme est stimul\u00e9. De plus, le syst\u00e8me immunitaire est renforc\u00e9, ce qui constitue un autre effet b\u00e9n\u00e9fique, notamment pendant les mois d'hiver o\u00f9 l'on passe moins de temps \u00e0 l'air libre et au soleil.<\/p>\n<\/div>\n<\/div>\n\n\n\n<div style=\"height:25px\" aria-hidden=\"true\" class=\"wp-block-spacer\"><\/div>\n\n\n\n<div class=\"wp-block-columns is-layout-flex wp-container-core-columns-is-layout-7387b849 wp-block-columns-is-layout-flex\">\n<div class=\"wp-block-column is-layout-flow wp-block-column-is-layout-flow\">\n<figure class=\"wp-block-image alignleft size-full\"><img decoding=\"async\" width=\"800\" height=\"500\" data-src=\"https:\/\/avant-age.live\/wp-content\/smush-webp\/2026\/07\/MCS-Kammer.jpg.webp\" alt=\"\" class=\"wp-image-60575 lazyload\" data-srcset=\"https:\/\/avant-age.live\/wp-content\/smush-webp\/2026\/07\/MCS-Kammer.jpg.webp 800w, https:\/\/avant-age.live\/wp-content\/smush-webp\/2026\/07\/MCS-Kammer-300x188.jpg.webp 300w, https:\/\/avant-age.live\/wp-content\/smush-webp\/2026\/07\/MCS-Kammer-768x480.jpg.webp 768w, https:\/\/avant-age.live\/wp-content\/smush-webp\/2026\/07\/MCS-Kammer-18x12.jpg.webp 18w, https:\/\/avant-age.live\/wp-content\/smush-webp\/2026\/07\/MCS-Kammer-130x81.jpg.webp 130w, https:\/\/avant-age.live\/wp-content\/smush-webp\/2026\/07\/MCS-Kammer-600x375.jpg.webp 600w\" data-sizes=\"auto\" src=\"data:image\/svg+xml;base64,PHN2ZyB3aWR0aD0iMSIgaGVpZ2h0PSIxIiB4bWxucz0iaHR0cDovL3d3dy53My5vcmcvMjAwMC9zdmciPjwvc3ZnPg==\" style=\"--smush-placeholder-width: 800px; --smush-placeholder-aspect-ratio: 800\/500;\" data-original-sizes=\"(max-width: 800px) 100vw, 800px\" data-smush-webp-fallback=\"{&quot;data-src&quot;:&quot;https:\\\/\\\/avant-age.live\\\/wp-content\\\/uploads\\\/2026\\\/07\\\/MCS-Kammer.jpg&quot;,&quot;data-srcset&quot;:&quot;https:\\\/\\\/avant-age.live\\\/wp-content\\\/uploads\\\/2026\\\/07\\\/MCS-Kammer.jpg 800w, https:\\\/\\\/avant-age.live\\\/wp-content\\\/uploads\\\/2026\\\/07\\\/MCS-Kammer-300x188.jpg 300w, https:\\\/\\\/avant-age.live\\\/wp-content\\\/uploads\\\/2026\\\/07\\\/MCS-Kammer-768x480.jpg 768w, https:\\\/\\\/avant-age.live\\\/wp-content\\\/uploads\\\/2026\\\/07\\\/MCS-Kammer-18x12.jpg 18w, https:\\\/\\\/avant-age.live\\\/wp-content\\\/uploads\\\/2026\\\/07\\\/MCS-Kammer-130x81.jpg 130w, https:\\\/\\\/avant-age.live\\\/wp-content\\\/uploads\\\/2026\\\/07\\\/MCS-Kammer-600x375.jpg 600w&quot;}\" \/><\/figure>\n<\/div>\n\n\n\n<div class=\"wp-block-column is-vertically-aligned-center is-layout-flow wp-block-column-is-layout-flow\">\n<h5 class=\"wp-block-heading\">MCS \u2013 Multi-Biohacking-System<\/h5>\n\n\n\n<p class=\"wp-block-paragraph\">Cette cabine de biohacking corps entier ultramoderne combine chaleur profonde (FIR), oxyg\u00e8ne ionis\u00e9 et photobiomodulation (PBM) en une seule s\u00e9ance de traitement. Un syst\u00e8me audio st\u00e9r\u00e9o moderne permet en outre une neurostimulation avec des effets sonores sp\u00e9ciaux. Un syst\u00e8me de renouvellement d'air sophistiqu\u00e9 \u00e0 effet thermique garantit en permanence un air hygi\u00e9niquement propre et frais dans la cabine. Le plus de cette cabine corps entier : les s\u00e9ances ne durent que 8 minutes.<br>Une aromath\u00e9rapie optionnelle, avec jusqu'\u00e0 trois parfums en une seule s\u00e9ance, offre des exp\u00e9riences de traitement uniques aux r\u00e9sultats incomparables, qui agissent avant tout sur le bien-\u00eatre mental.<\/p>\n<\/div>\n<\/div>\n\n\n\n<div style=\"height:50px\" aria-hidden=\"true\" class=\"wp-block-spacer\"><\/div>\n\n\n\n<hr class=\"wp-block-separator has-alpha-channel-opacity\"\/>\n\n\n\n<div style=\"height:50px\" aria-hidden=\"true\" class=\"wp-block-spacer\"><\/div>\n\n\n\n<h2 class=\"wp-block-heading has-text-align-center\">Avez-vous des questions sur le sujet ?<\/h2>\n\n\n\n<p class=\"has-text-align-center wp-block-paragraph\">Nous sommes \u00e0 votre enti\u00e8re disposition pour toute information compl\u00e9mentaire et pour r\u00e9pondre \u00e0 vos questions de mani\u00e8re personnalis\u00e9e.<\/p>\n\n\n\n<div style=\"height:10px\" aria-hidden=\"true\" class=\"wp-block-spacer\"><\/div>\n\n\n\n<div class=\"wp-block-buttons is-content-justification-center is-layout-flex wp-container-core-buttons-is-layout-3e41869c wp-block-buttons-is-layout-flex\">\n<div class=\"wp-block-button is-style-outline is-style-outline--1\"><a class=\"wp-block-button__link wp-element-button\" href=\"\/fr\/contact\/\" style=\"border-width:1px\">Prendre contact maintenant<\/a><\/div>\n<\/div>\n\n\n\n<p class=\"wp-block-paragraph\"><\/p>","protected":false},"excerpt":{"rendered":"<p>La th\u00e9rapie par ions n\u00e9gatifs est un proc\u00e9d\u00e9 qui r\u00e9duit efficacement le vieillissement cutan\u00e9 \u2013 le r\u00e9sultat est une peau visiblement plus lisse, plus ferme et d'une fra\u00eecheur juv\u00e9nile. Cet effet peut encore \u00eatre renforc\u00e9 en combinaison avec une luminoth\u00e9rapie. Une th\u00e9rapie par ions n\u00e9gatifs ne devrait donc manquer dans aucun programme de soins d'un institut de bien-\u00eatre ou de beaut\u00e9. Mais pourquoi les ions n\u00e9gatifs sont-ils si efficaces et comment peut-on les utiliser lors d'un soin de beaut\u00e9 et de bien-\u00eatre ? C'est ce que nous vous expliquons dans ce blog.<\/p>","protected":false},"author":1,"featured_media":60594,"comment_status":"closed","ping_status":"open","sticky":false,"template":"","format":"standard","meta":{"_acf_changed":false,"footnotes":""},"categories":[63,1],"tags":[2722,2723,2721,2719,2720],"blog_topic":[2724],"class_list":["post-60570","post","type-post","status-publish","format-standard","has-post-thumbnail","hentry","category-longevity","category-spa-aesthetic","tag-anti-aging","tag-hautprobleme","tag-mcs","tag-negativ-ionen-therapie","tag-plt-haube","blog_topic-negativ-ionen-therapie"],"acf":[],"yoast_head":"<!-- This site is optimized with the Yoast SEO plugin v28.2 - https:\/\/yoast.com\/product\/yoast-seo-wordpress\/ -->\n<title>Negativ-Ionen-Therapie: Die positive Wirkung negativer Ionen<\/title>\n<meta name=\"description\" content=\"In diesem Beitrag erkl\u00e4ren wir mehr \u00fcber die Negativ-Ionen-Therapie und welche Ger\u00e4te Sie in diesem Verfahren einsetzen k\u00f6nnen\" \/>\n<meta name=\"robots\" content=\"index, follow, max-snippet:-1, max-image-preview:large, max-video-preview:-1\" \/>\n<link rel=\"canonical\" href=\"https:\/\/avant-age.live\/fr\/therapie-par-ions-negatifs-les-effets-positifs-des-ions-negatifs\/\" \/>\n<meta property=\"og:locale\" content=\"fr_FR\" \/>\n<meta property=\"og:type\" content=\"article\" \/>\n<meta property=\"og:title\" content=\"Negativ-Ionen-Therapie: Die positive Wirkung negativer Ionen\" \/>\n<meta property=\"og:description\" content=\"In diesem Beitrag erkl\u00e4ren wir mehr \u00fcber die Negativ-Ionen-Therapie und welche Ger\u00e4te Sie in diesem Verfahren einsetzen k\u00f6nnen\" \/>\n<meta property=\"og:url\" content=\"https:\/\/avant-age.live\/fr\/therapie-par-ions-negatifs-les-effets-positifs-des-ions-negatifs\/\" \/>\n<meta property=\"og:site_name\" content=\"MTR Equipments\" \/>\n<meta property=\"article:published_time\" content=\"2022-11-28T11:25:00+00:00\" \/>\n<meta property=\"article:modified_time\" content=\"2026-08-31T10:40:49+00:00\" \/>\n<meta property=\"og:image\" content=\"https:\/\/avant-age.live\/wp-content\/uploads\/2022\/11\/negativ-ionen-therapie-titelbild-blogbeitrag.jpg\" \/>\n\t<meta property=\"og:image:width\" content=\"1087\" \/>\n\t<meta property=\"og:image:height\" content=\"725\" \/>\n\t<meta property=\"og:image:type\" content=\"image\/jpeg\" \/>\n<meta name=\"author\" content=\"admin\" \/>\n<meta name=\"twitter:card\" content=\"summary_large_image\" \/>\n<meta name=\"twitter:label1\" content=\"\u00c9crit par\" \/>\n\t<meta name=\"twitter:data1\" content=\"admin\" \/>\n\t<meta name=\"twitter:label2\" content=\"Dur\u00e9e de lecture estim\u00e9e\" \/>\n\t<meta name=\"twitter:data2\" content=\"1 minute\" \/>\n<script type=\"application\/ld+json\" class=\"yoast-schema-graph\">{\"@context\":\"https:\\\/\\\/schema.org\",\"@graph\":[{\"@type\":\"Article\",\"@id\":\"https:\\\/\\\/avant-age.live\\\/negativ-ionen-therapie-die-positive-wirkung-negativer-ionen\\\/#article\",\"isPartOf\":{\"@id\":\"https:\\\/\\\/avant-age.live\\\/negativ-ionen-therapie-die-positive-wirkung-negativer-ionen\\\/\"},\"author\":{\"name\":\"admin\",\"@id\":\"https:\\\/\\\/avant-age.live\\\/#\\\/schema\\\/person\\\/7de62dc13cf1d453150ab0ec05619386\"},\"headline\":\"Negativ-Ionen-Therapie: Die positive Wirkung negativer Ionen\",\"datePublished\":\"2022-11-28T11:25:00+00:00\",\"dateModified\":\"2026-08-31T10:40:49+00:00\",\"mainEntityOfPage\":{\"@id\":\"https:\\\/\\\/avant-age.live\\\/negativ-ionen-therapie-die-positive-wirkung-negativer-ionen\\\/\"},\"wordCount\":1421,\"image\":{\"@id\":\"https:\\\/\\\/avant-age.live\\\/negativ-ionen-therapie-die-positive-wirkung-negativer-ionen\\\/#primaryimage\"},\"thumbnailUrl\":\"https:\\\/\\\/avant-age.live\\\/wp-content\\\/uploads\\\/2022\\\/11\\\/negativ-ionen-therapie-titelbild-blogbeitrag.jpg\",\"keywords\":[\"anti-aging\",\"hautprobleme\",\"mcs\",\"negativ-ionen-therapie\",\"plt-haube\"],\"articleSection\":[\"Longevity\",\"Spa\\\/Aesthetic\"],\"inLanguage\":\"fr-FR\"},{\"@type\":\"WebPage\",\"@id\":\"https:\\\/\\\/avant-age.live\\\/negativ-ionen-therapie-die-positive-wirkung-negativer-ionen\\\/\",\"url\":\"https:\\\/\\\/avant-age.live\\\/negativ-ionen-therapie-die-positive-wirkung-negativer-ionen\\\/\",\"name\":\"Negativ-Ionen-Therapie: Die positive Wirkung negativer Ionen\",\"isPartOf\":{\"@id\":\"https:\\\/\\\/avant-age.live\\\/#website\"},\"primaryImageOfPage\":{\"@id\":\"https:\\\/\\\/avant-age.live\\\/negativ-ionen-therapie-die-positive-wirkung-negativer-ionen\\\/#primaryimage\"},\"image\":{\"@id\":\"https:\\\/\\\/avant-age.live\\\/negativ-ionen-therapie-die-positive-wirkung-negativer-ionen\\\/#primaryimage\"},\"thumbnailUrl\":\"https:\\\/\\\/avant-age.live\\\/wp-content\\\/uploads\\\/2022\\\/11\\\/negativ-ionen-therapie-titelbild-blogbeitrag.jpg\",\"datePublished\":\"2022-11-28T11:25:00+00:00\",\"dateModified\":\"2026-08-31T10:40:49+00:00\",\"author\":{\"@id\":\"https:\\\/\\\/avant-age.live\\\/#\\\/schema\\\/person\\\/7de62dc13cf1d453150ab0ec05619386\"},\"description\":\"In diesem Beitrag erkl\u00e4ren wir mehr \u00fcber die Negativ-Ionen-Therapie und welche Ger\u00e4te Sie in diesem Verfahren einsetzen k\u00f6nnen\",\"breadcrumb\":{\"@id\":\"https:\\\/\\\/avant-age.live\\\/negativ-ionen-therapie-die-positive-wirkung-negativer-ionen\\\/#breadcrumb\"},\"inLanguage\":\"fr-FR\",\"potentialAction\":[{\"@type\":\"ReadAction\",\"target\":[\"https:\\\/\\\/avant-age.live\\\/negativ-ionen-therapie-die-positive-wirkung-negativer-ionen\\\/\"]}]},{\"@type\":\"ImageObject\",\"inLanguage\":\"fr-FR\",\"@id\":\"https:\\\/\\\/avant-age.live\\\/negativ-ionen-therapie-die-positive-wirkung-negativer-ionen\\\/#primaryimage\",\"url\":\"https:\\\/\\\/avant-age.live\\\/wp-content\\\/uploads\\\/2022\\\/11\\\/negativ-ionen-therapie-titelbild-blogbeitrag.jpg\",\"contentUrl\":\"https:\\\/\\\/avant-age.live\\\/wp-content\\\/uploads\\\/2022\\\/11\\\/negativ-ionen-therapie-titelbild-blogbeitrag.jpg\",\"width\":1087,\"height\":725,\"caption\":\"Negativ Ionen Titelbild\"},{\"@type\":\"BreadcrumbList\",\"@id\":\"https:\\\/\\\/avant-age.live\\\/negativ-ionen-therapie-die-positive-wirkung-negativer-ionen\\\/#breadcrumb\",\"itemListElement\":[{\"@type\":\"ListItem\",\"position\":1,\"name\":\"Home\",\"item\":\"https:\\\/\\\/avant-age.live\\\/\"},{\"@type\":\"ListItem\",\"position\":2,\"name\":\"Negativ-Ionen-Therapie: Die positive Wirkung negativer Ionen\"}]},{\"@type\":\"WebSite\",\"@id\":\"https:\\\/\\\/avant-age.live\\\/#website\",\"url\":\"https:\\\/\\\/avant-age.live\\\/\",\"name\":\"MTR Equipments\",\"description\":\"\",\"potentialAction\":[{\"@type\":\"SearchAction\",\"target\":{\"@type\":\"EntryPoint\",\"urlTemplate\":\"https:\\\/\\\/avant-age.live\\\/?s={search_term_string}\"},\"query-input\":{\"@type\":\"PropertyValueSpecification\",\"valueRequired\":true,\"valueName\":\"search_term_string\"}}],\"inLanguage\":\"fr-FR\"},{\"@type\":\"Person\",\"@id\":\"https:\\\/\\\/avant-age.live\\\/#\\\/schema\\\/person\\\/7de62dc13cf1d453150ab0ec05619386\",\"name\":\"admin\",\"image\":{\"@type\":\"ImageObject\",\"inLanguage\":\"fr-FR\",\"@id\":\"https:\\\/\\\/secure.gravatar.com\\\/avatar\\\/767cd3a4a72d9c0b75e32b7b9db68a18c915e21cbee52732beb90310749a1b9d?s=96&d=https%3A%2F%2Favant-age.live%2Fwp-content%2Fthemes%2Fhello-theme-child-master%2Fassets%2Fimages%2Favatar.png&r=g\",\"url\":\"https:\\\/\\\/secure.gravatar.com\\\/avatar\\\/767cd3a4a72d9c0b75e32b7b9db68a18c915e21cbee52732beb90310749a1b9d?s=96&d=https%3A%2F%2Favant-age.live%2Fwp-content%2Fthemes%2Fhello-theme-child-master%2Fassets%2Fimages%2Favatar.png&r=g\",\"contentUrl\":\"https:\\\/\\\/secure.gravatar.com\\\/avatar\\\/767cd3a4a72d9c0b75e32b7b9db68a18c915e21cbee52732beb90310749a1b9d?s=96&d=https%3A%2F%2Favant-age.live%2Fwp-content%2Fthemes%2Fhello-theme-child-master%2Fassets%2Fimages%2Favatar.png&r=g\",\"caption\":\"admin\"},\"sameAs\":[\"https:\\\/\\\/avant-age.live\"]}]}<\/script>\n<!-- \/ Yoast SEO plugin. -->","yoast_head_json":{"title":"Th\u00e9rapie par ions n\u00e9gatifs : L'effet positif des ions n\u00e9gatifs","description":"Dans cet article, nous expliquons plus en d\u00e9tail la th\u00e9rapie par ions n\u00e9gatifs et quels appareils vous pouvez utiliser dans le cadre de cette proc\u00e9dure.","robots":{"index":"index","follow":"follow","max-snippet":"max-snippet:-1","max-image-preview":"max-image-preview:large","max-video-preview":"max-video-preview:-1"},"canonical":"https:\/\/avant-age.live\/fr\/therapie-par-ions-negatifs-les-effets-positifs-des-ions-negatifs\/","og_locale":"fr_FR","og_type":"article","og_title":"Negativ-Ionen-Therapie: Die positive Wirkung negativer Ionen","og_description":"In diesem Beitrag erkl\u00e4ren wir mehr \u00fcber die Negativ-Ionen-Therapie und welche Ger\u00e4te Sie in diesem Verfahren einsetzen k\u00f6nnen","og_url":"https:\/\/avant-age.live\/fr\/therapie-par-ions-negatifs-les-effets-positifs-des-ions-negatifs\/","og_site_name":"MTR Equipments","article_published_time":"2022-11-28T11:25:00+00:00","article_modified_time":"2026-08-31T10:40:49+00:00","og_image":[{"width":1087,"height":725,"url":"https:\/\/avant-age.live\/wp-content\/uploads\/2022\/11\/negativ-ionen-therapie-titelbild-blogbeitrag.jpg","type":"image\/jpeg"}],"author":"admin","twitter_card":"summary_large_image","twitter_misc":{"\u00c9crit par":"admin","Dur\u00e9e de lecture estim\u00e9e":"1 minute"},"schema":{"@context":"https:\/\/schema.org","@graph":[{"@type":"Article","@id":"https:\/\/avant-age.live\/negativ-ionen-therapie-die-positive-wirkung-negativer-ionen\/#article","isPartOf":{"@id":"https:\/\/avant-age.live\/negativ-ionen-therapie-die-positive-wirkung-negativer-ionen\/"},"author":{"name":"admin","@id":"https:\/\/avant-age.live\/#\/schema\/person\/7de62dc13cf1d453150ab0ec05619386"},"headline":"Negativ-Ionen-Therapie: Die positive Wirkung negativer Ionen","datePublished":"2022-11-28T11:25:00+00:00","dateModified":"2026-08-31T10:40:49+00:00","mainEntityOfPage":{"@id":"https:\/\/avant-age.live\/negativ-ionen-therapie-die-positive-wirkung-negativer-ionen\/"},"wordCount":1421,"image":{"@id":"https:\/\/avant-age.live\/negativ-ionen-therapie-die-positive-wirkung-negativer-ionen\/#primaryimage"},"thumbnailUrl":"https:\/\/avant-age.live\/wp-content\/uploads\/2022\/11\/negativ-ionen-therapie-titelbild-blogbeitrag.jpg","keywords":["anti-aging","hautprobleme","mcs","negativ-ionen-therapie","plt-haube"],"articleSection":["Longevity","Spa\/Aesthetic"],"inLanguage":"fr-FR"},{"@type":"WebPage","@id":"https:\/\/avant-age.live\/negativ-ionen-therapie-die-positive-wirkung-negativer-ionen\/","url":"https:\/\/avant-age.live\/negativ-ionen-therapie-die-positive-wirkung-negativer-ionen\/","name":"Th\u00e9rapie par ions n\u00e9gatifs : L'effet positif des ions n\u00e9gatifs","isPartOf":{"@id":"https:\/\/avant-age.live\/#website"},"primaryImageOfPage":{"@id":"https:\/\/avant-age.live\/negativ-ionen-therapie-die-positive-wirkung-negativer-ionen\/#primaryimage"},"image":{"@id":"https:\/\/avant-age.live\/negativ-ionen-therapie-die-positive-wirkung-negativer-ionen\/#primaryimage"},"thumbnailUrl":"https:\/\/avant-age.live\/wp-content\/uploads\/2022\/11\/negativ-ionen-therapie-titelbild-blogbeitrag.jpg","datePublished":"2022-11-28T11:25:00+00:00","dateModified":"2026-08-31T10:40:49+00:00","author":{"@id":"https:\/\/avant-age.live\/#\/schema\/person\/7de62dc13cf1d453150ab0ec05619386"},"description":"Dans cet article, nous expliquons plus en d\u00e9tail la th\u00e9rapie par ions n\u00e9gatifs et quels appareils vous pouvez utiliser dans le cadre de cette proc\u00e9dure.","breadcrumb":{"@id":"https:\/\/avant-age.live\/negativ-ionen-therapie-die-positive-wirkung-negativer-ionen\/#breadcrumb"},"inLanguage":"fr-FR","potentialAction":[{"@type":"ReadAction","target":["https:\/\/avant-age.live\/negativ-ionen-therapie-die-positive-wirkung-negativer-ionen\/"]}]},{"@type":"ImageObject","inLanguage":"fr-FR","@id":"https:\/\/avant-age.live\/negativ-ionen-therapie-die-positive-wirkung-negativer-ionen\/#primaryimage","url":"https:\/\/avant-age.live\/wp-content\/uploads\/2022\/11\/negativ-ionen-therapie-titelbild-blogbeitrag.jpg","contentUrl":"https:\/\/avant-age.live\/wp-content\/uploads\/2022\/11\/negativ-ionen-therapie-titelbild-blogbeitrag.jpg","width":1087,"height":725,"caption":"Negativ Ionen Titelbild"},{"@type":"BreadcrumbList","@id":"https:\/\/avant-age.live\/negativ-ionen-therapie-die-positive-wirkung-negativer-ionen\/#breadcrumb","itemListElement":[{"@type":"ListItem","position":1,"name":"Home","item":"https:\/\/avant-age.live\/"},{"@type":"ListItem","position":2,"name":"Negativ-Ionen-Therapie: Die positive Wirkung negativer Ionen"}]},{"@type":"WebSite","@id":"https:\/\/avant-age.live\/#website","url":"https:\/\/avant-age.live\/","name":"\u00c9quipements MTR","description":"","potentialAction":[{"@type":"SearchAction","target":{"@type":"EntryPoint","urlTemplate":"https:\/\/avant-age.live\/?s={search_term_string}"},"query-input":{"@type":"PropertyValueSpecification","valueRequired":true,"valueName":"search_term_string"}}],"inLanguage":"fr-FR"},{"@type":"Person","@id":"https:\/\/avant-age.live\/#\/schema\/person\/7de62dc13cf1d453150ab0ec05619386","name":"administrateur","image":{"@type":"ImageObject","inLanguage":"fr-FR","@id":"https:\/\/secure.gravatar.com\/avatar\/767cd3a4a72d9c0b75e32b7b9db68a18c915e21cbee52732beb90310749a1b9d?s=96&d=https%3A%2F%2Favant-age.live%2Fwp-content%2Fthemes%2Fhello-theme-child-master%2Fassets%2Fimages%2Favatar.png&r=g","url":"https:\/\/secure.gravatar.com\/avatar\/767cd3a4a72d9c0b75e32b7b9db68a18c915e21cbee52732beb90310749a1b9d?s=96&d=https%3A%2F%2Favant-age.live%2Fwp-content%2Fthemes%2Fhello-theme-child-master%2Fassets%2Fimages%2Favatar.png&r=g","contentUrl":"https:\/\/secure.gravatar.com\/avatar\/767cd3a4a72d9c0b75e32b7b9db68a18c915e21cbee52732beb90310749a1b9d?s=96&d=https%3A%2F%2Favant-age.live%2Fwp-content%2Fthemes%2Fhello-theme-child-master%2Fassets%2Fimages%2Favatar.png&r=g","caption":"admin"},"sameAs":["https:\/\/avant-age.live"]}]}},"_links":{"self":[{"href":"https:\/\/avant-age.live\/fr\/wp-json\/wp\/v2\/posts\/60570","targetHints":{"allow":["GET"]}}],"collection":[{"href":"https:\/\/avant-age.live\/fr\/wp-json\/wp\/v2\/posts"}],"about":[{"href":"https:\/\/avant-age.live\/fr\/wp-json\/wp\/v2\/types\/post"}],"author":[{"embeddable":true,"href":"https:\/\/avant-age.live\/fr\/wp-json\/wp\/v2\/users\/1"}],"replies":[{"embeddable":true,"href":"https:\/\/avant-age.live\/fr\/wp-json\/wp\/v2\/comments?post=60570"}],"version-history":[{"count":1,"href":"https:\/\/avant-age.live\/fr\/wp-json\/wp\/v2\/posts\/60570\/revisions"}],"predecessor-version":[{"id":61115,"href":"https:\/\/avant-age.live\/fr\/wp-json\/wp\/v2\/posts\/60570\/revisions\/61115"}],"wp:featuredmedia":[{"embeddable":true,"href":"https:\/\/avant-age.live\/fr\/wp-json\/wp\/v2\/media\/60594"}],"wp:attachment":[{"href":"https:\/\/avant-age.live\/fr\/wp-json\/wp\/v2\/media?parent=60570"}],"wp:term":[{"taxonomy":"category","embeddable":true,"href":"https:\/\/avant-age.live\/fr\/wp-json\/wp\/v2\/categories?post=60570"},{"taxonomy":"post_tag","embeddable":true,"href":"https:\/\/avant-age.live\/fr\/wp-json\/wp\/v2\/tags?post=60570"},{"taxonomy":"blog_topic","embeddable":true,"href":"https:\/\/avant-age.live\/fr\/wp-json\/wp\/v2\/blog_topic?post=60570"}],"curies":[{"name":"wp","href":"https:\/\/api.w.org\/{rel}","templated":true}]}}