{"id":60893,"date":"2024-01-25T08:31:00","date_gmt":"2024-01-25T08:31:00","guid":{"rendered":"https:\/\/avant-age.live\/?p=60893"},"modified":"2026-07-21T07:03:13","modified_gmt":"2026-07-21T07:03:13","slug":"cold-therapy-as-prevention-of-burnout-stress-depression","status":"publish","type":"post","link":"https:\/\/avant-age.live\/en\/kaeltetherapie-als-praevention-von-burnout-stress-depression\/","title":{"rendered":"Cold therapy for the prevention of burnout, stress, and depression"},"content":{"rendered":"<p class=\"wp-block-paragraph\">Schedule and performance pressure lead to stress, depression, and burnout. According to a&nbsp;<a href=\"https:\/\/www.seco.admin.ch\/seco\/de\/home\/seco\/nsb-news.msg-id-97402.html\">Survey<\/a>, which the State Secretariat for Economic Affairs (SECO) conducted in 2021 as part of a European survey, the work pace and time pressure are nowhere in Europe as high as in Switzerland. Another&nbsp;<a href=\"https:\/\/www.swica.ch\/de\/ueber-swica\/medien\/medienstelle\/medienmitteilungen\/2022\/studie-krankschreibungen-aus-psychischen-gruenden\">Study<\/a>&nbsp;A 2020 study commissioned by SWICA, Switzerland&#x27;s largest daily sickness benefit insurer, found that 57 % of all days missed due to mental health issues were related to workplace conflicts.<\/p>\n\n\n\n<div style=\"height:50px\" aria-hidden=\"true\" class=\"wp-block-spacer\"><\/div>\n\n\n\n<h3 class=\"wp-block-heading\">Burnouts and the resulting costs<\/h3>\n\n\n\n<p class=\"wp-block-paragraph\">The costs caused by burn-out disorders have caused considerable economic and business damage. Expressed in figures, this amounts to around 6.5 billion Swiss francs per year nationwide. This alarming amount is triggering great interest in many places to stop such developments.<\/p>\n\n\n\n<div class=\"wp-block-columns are-vertically-aligned-center is-layout-flex wp-container-core-columns-is-layout-7387b849 wp-block-columns-is-layout-flex\">\n<div class=\"wp-block-column is-vertically-aligned-center is-layout-flow wp-block-column-is-layout-flow\" style=\"flex-basis:33.33%\">\n<figure class=\"wp-block-image size-full\"><img fetchpriority=\"high\" decoding=\"async\" width=\"800\" height=\"500\" src=\"https:\/\/avant-age.live\/wp-content\/smush-webp\/2024\/01\/AoC_Burnout_02.jpg.webp\" alt=\"\" class=\"wp-image-60894\" srcset=\"https:\/\/avant-age.live\/wp-content\/smush-webp\/2024\/01\/AoC_Burnout_02.jpg.webp 800w, https:\/\/avant-age.live\/wp-content\/smush-webp\/2024\/01\/AoC_Burnout_02-300x188.jpg.webp 300w, https:\/\/avant-age.live\/wp-content\/smush-webp\/2024\/01\/AoC_Burnout_02-768x480.jpg.webp 768w, https:\/\/avant-age.live\/wp-content\/smush-webp\/2024\/01\/AoC_Burnout_02-18x12.jpg.webp 18w, https:\/\/avant-age.live\/wp-content\/smush-webp\/2024\/01\/AoC_Burnout_02-130x81.jpg.webp 130w, https:\/\/avant-age.live\/wp-content\/smush-webp\/2024\/01\/AoC_Burnout_02-600x375.jpg.webp 600w\" sizes=\"(max-width: 800px) 100vw, 800px\" data-smush-webp-fallback=\"{&quot;src&quot;:&quot;https:\\\/\\\/avant-age.live\\\/wp-content\\\/uploads\\\/2024\\\/01\\\/AoC_Burnout_02.jpg&quot;,&quot;srcset&quot;:&quot;https:\\\/\\\/avant-age.live\\\/wp-content\\\/uploads\\\/2024\\\/01\\\/AoC_Burnout_02.jpg 800w, https:\\\/\\\/avant-age.live\\\/wp-content\\\/uploads\\\/2024\\\/01\\\/AoC_Burnout_02-300x188.jpg 300w, https:\\\/\\\/avant-age.live\\\/wp-content\\\/uploads\\\/2024\\\/01\\\/AoC_Burnout_02-768x480.jpg 768w, https:\\\/\\\/avant-age.live\\\/wp-content\\\/uploads\\\/2024\\\/01\\\/AoC_Burnout_02-18x12.jpg 18w, https:\\\/\\\/avant-age.live\\\/wp-content\\\/uploads\\\/2024\\\/01\\\/AoC_Burnout_02-130x81.jpg 130w, https:\\\/\\\/avant-age.live\\\/wp-content\\\/uploads\\\/2024\\\/01\\\/AoC_Burnout_02-600x375.jpg 600w&quot;}\" \/><\/figure>\n<\/div>\n\n\n\n<div class=\"wp-block-column is-vertically-aligned-center is-layout-flow wp-block-column-is-layout-flow\" style=\"flex-basis:66.66%\">\n<p class=\"wp-block-paragraph\">The physical and psychological strain can be effectively combated for the affected individuals, for example through resilience training as part of occupational health management. We can neither prevent stress nor tight deadlines in our daily work, but we can significantly improve our ability to cope with them and thus prevent depression and burnout syndromes through preventive measures rather than having to treat them later in a complex and lengthy process.<\/p>\n<\/div>\n<\/div>\n\n\n\n<div style=\"height:50px\" aria-hidden=\"true\" class=\"wp-block-spacer\"><\/div>\n\n\n\n<h3 class=\"wp-block-heading\">A possible solution: Cold therapy<\/h3>\n\n\n\n<p class=\"wp-block-paragraph\">The use of whole-body cryotherapy in the workplace effectively supports corporate resilience training. Regular whole-body cold applications in the&nbsp;<a href=\"https:\/\/www.mtr-ag.ch\/Longevity-de\/cryokammern-de.html\/\">High-performance cryo chambers from Art of Cryo<\/a>&nbsp;increase physical and mental fitness and thus play an active role in effective burnout prevention. A cryotherapy session lasting 1.5 to 5 minutes immediately leads to the revitalization of central bodily functions, a refreshed and pleasant bodily sensation, and a noticeable improvement in mood through the release of numerous \u201ehappy hormones.\u201c.<\/p>\n\n\n\n<div style=\"height:25px\" aria-hidden=\"true\" class=\"wp-block-spacer\"><\/div>\n\n\n\n<div class=\"wp-block-columns are-vertically-aligned-center is-layout-flex wp-container-core-columns-is-layout-7387b849 wp-block-columns-is-layout-flex\">\n<div class=\"wp-block-column is-vertically-aligned-center is-layout-flow wp-block-column-is-layout-flow\" style=\"flex-basis:33.33%\">\n<figure class=\"wp-block-image size-full\"><img decoding=\"async\" width=\"800\" height=\"500\" data-src=\"https:\/\/avant-age.live\/wp-content\/smush-webp\/2024\/01\/AoC_Team.jpg.webp\" alt=\"\" class=\"wp-image-60895 lazyload\" data-srcset=\"https:\/\/avant-age.live\/wp-content\/smush-webp\/2024\/01\/AoC_Team.jpg.webp 800w, https:\/\/avant-age.live\/wp-content\/smush-webp\/2024\/01\/AoC_Team-300x188.jpg.webp 300w, https:\/\/avant-age.live\/wp-content\/smush-webp\/2024\/01\/AoC_Team-768x480.jpg.webp 768w, https:\/\/avant-age.live\/wp-content\/smush-webp\/2024\/01\/AoC_Team-18x12.jpg.webp 18w, https:\/\/avant-age.live\/wp-content\/smush-webp\/2024\/01\/AoC_Team-130x81.jpg.webp 130w, https:\/\/avant-age.live\/wp-content\/smush-webp\/2024\/01\/AoC_Team-600x375.jpg.webp 600w\" data-sizes=\"auto\" src=\"data:image\/svg+xml;base64,PHN2ZyB3aWR0aD0iMSIgaGVpZ2h0PSIxIiB4bWxucz0iaHR0cDovL3d3dy53My5vcmcvMjAwMC9zdmciPjwvc3ZnPg==\" style=\"--smush-placeholder-width: 800px; --smush-placeholder-aspect-ratio: 800\/500;\" data-original-sizes=\"(max-width: 800px) 100vw, 800px\" data-smush-webp-fallback=\"{&quot;data-src&quot;:&quot;https:\\\/\\\/avant-age.live\\\/wp-content\\\/uploads\\\/2024\\\/01\\\/AoC_Team.jpg&quot;,&quot;data-srcset&quot;:&quot;https:\\\/\\\/avant-age.live\\\/wp-content\\\/uploads\\\/2024\\\/01\\\/AoC_Team.jpg 800w, https:\\\/\\\/avant-age.live\\\/wp-content\\\/uploads\\\/2024\\\/01\\\/AoC_Team-300x188.jpg 300w, https:\\\/\\\/avant-age.live\\\/wp-content\\\/uploads\\\/2024\\\/01\\\/AoC_Team-768x480.jpg 768w, https:\\\/\\\/avant-age.live\\\/wp-content\\\/uploads\\\/2024\\\/01\\\/AoC_Team-18x12.jpg 18w, https:\\\/\\\/avant-age.live\\\/wp-content\\\/uploads\\\/2024\\\/01\\\/AoC_Team-130x81.jpg 130w, https:\\\/\\\/avant-age.live\\\/wp-content\\\/uploads\\\/2024\\\/01\\\/AoC_Team-600x375.jpg 600w&quot;}\" \/><\/figure>\n<\/div>\n\n\n\n<div class=\"wp-block-column is-vertically-aligned-center is-layout-flow wp-block-column-is-layout-flow\" style=\"flex-basis:66.66%\">\n<h5 class=\"wp-block-heading\">The positive aspects of cold therapy:<\/h5>\n\n\n\n<ul class=\"wp-block-list\">\n<li>boosts performance<\/li>\n\n\n\n<li>helps provide more energy<\/li>\n\n\n\n<li>relieves pain in acute and chronic pain<\/li>\n\n\n\n<li>helps relieve migraines<\/li>\n\n\n\n<li>The strong release of endorphins counteracts depression and burnout syndromes.<\/li>\n\n\n\n<li>boosts the immune system<\/li>\n\n\n\n<li>has a relaxing effect on body and mind<\/li>\n\n\n\n<li>reduces the stress level<\/li>\n\n\n\n<li>UVM<\/li>\n<\/ul>\n<\/div>\n<\/div>\n\n\n\n<div style=\"height:50px\" aria-hidden=\"true\" class=\"wp-block-spacer\"><\/div>\n\n\n\n<h3 class=\"wp-block-heading\">Conclusion<\/h3>\n\n\n\n<p class=\"wp-block-paragraph\">Regular use of Art of Cryo's high-performance cryochambers in everyday business operations can not only support operational resilience training, but also noticeably increase the well-being and performance of employees and improve the working atmosphere.<\/p>\n\n\n\n<div class=\"wp-block-columns are-vertically-aligned-center is-layout-flex wp-container-core-columns-is-layout-7387b849 wp-block-columns-is-layout-flex\">\n<div class=\"wp-block-column is-vertically-aligned-center is-layout-flow wp-block-column-is-layout-flow\" style=\"flex-basis:33.33%\">\n<figure class=\"wp-block-image size-full\"><img decoding=\"async\" width=\"800\" height=\"500\" data-src=\"https:\/\/avant-age.live\/wp-content\/smush-webp\/2024\/01\/AoC_kaeltekammer.jpg.webp\" alt=\"\" class=\"wp-image-60896 lazyload\" data-srcset=\"https:\/\/avant-age.live\/wp-content\/smush-webp\/2024\/01\/AoC_kaeltekammer.jpg.webp 800w, https:\/\/avant-age.live\/wp-content\/smush-webp\/2024\/01\/AoC_kaeltekammer-300x188.jpg.webp 300w, https:\/\/avant-age.live\/wp-content\/smush-webp\/2024\/01\/AoC_kaeltekammer-768x480.jpg.webp 768w, https:\/\/avant-age.live\/wp-content\/smush-webp\/2024\/01\/AoC_kaeltekammer-18x12.jpg.webp 18w, https:\/\/avant-age.live\/wp-content\/smush-webp\/2024\/01\/AoC_kaeltekammer-130x81.jpg.webp 130w, https:\/\/avant-age.live\/wp-content\/smush-webp\/2024\/01\/AoC_kaeltekammer-600x375.jpg.webp 600w\" data-sizes=\"auto\" src=\"data:image\/svg+xml;base64,PHN2ZyB3aWR0aD0iMSIgaGVpZ2h0PSIxIiB4bWxucz0iaHR0cDovL3d3dy53My5vcmcvMjAwMC9zdmciPjwvc3ZnPg==\" style=\"--smush-placeholder-width: 800px; --smush-placeholder-aspect-ratio: 800\/500;\" data-original-sizes=\"(max-width: 800px) 100vw, 800px\" data-smush-webp-fallback=\"{&quot;data-src&quot;:&quot;https:\\\/\\\/avant-age.live\\\/wp-content\\\/uploads\\\/2024\\\/01\\\/AoC_kaeltekammer.jpg&quot;,&quot;data-srcset&quot;:&quot;https:\\\/\\\/avant-age.live\\\/wp-content\\\/uploads\\\/2024\\\/01\\\/AoC_kaeltekammer.jpg 800w, https:\\\/\\\/avant-age.live\\\/wp-content\\\/uploads\\\/2024\\\/01\\\/AoC_kaeltekammer-300x188.jpg 300w, https:\\\/\\\/avant-age.live\\\/wp-content\\\/uploads\\\/2024\\\/01\\\/AoC_kaeltekammer-768x480.jpg 768w, https:\\\/\\\/avant-age.live\\\/wp-content\\\/uploads\\\/2024\\\/01\\\/AoC_kaeltekammer-18x12.jpg 18w, https:\\\/\\\/avant-age.live\\\/wp-content\\\/uploads\\\/2024\\\/01\\\/AoC_kaeltekammer-130x81.jpg 130w, https:\\\/\\\/avant-age.live\\\/wp-content\\\/uploads\\\/2024\\\/01\\\/AoC_kaeltekammer-600x375.jpg 600w&quot;}\" \/><\/figure>\n<\/div>\n\n\n\n<div class=\"wp-block-column is-vertically-aligned-center is-layout-flow wp-block-column-is-layout-flow\" style=\"flex-basis:66.66%\">\n<p class=\"wp-block-paragraph\">Further information can be found here<\/p>\n\n\n\n<div class=\"wp-block-buttons is-content-justification-left is-layout-flex wp-container-core-buttons-is-layout-b192c3d7 wp-block-buttons-is-layout-flex\">\n<div class=\"wp-block-button is-style-outline is-style-outline--1\"><a class=\"wp-block-button__link wp-element-button\" href=\"https:\/\/www.mtr-ag.ch\/Longevity-de\/cryokammern-de.html\/\" style=\"border-width:1px\">Art of cryo cryotherapy chambers<\/a><\/div>\n<\/div>\n<\/div>\n<\/div>\n\n\n\n<div style=\"height:50px\" aria-hidden=\"true\" class=\"wp-block-spacer\"><\/div>\n\n\n\n<hr class=\"wp-block-separator has-alpha-channel-opacity\"\/>\n\n\n\n<div style=\"height:50px\" aria-hidden=\"true\" class=\"wp-block-spacer\"><\/div>\n\n\n\n<h2 class=\"wp-block-heading has-text-align-center\">Do you have questions about the topic?<\/h2>\n\n\n\n<p class=\"has-text-align-center wp-block-paragraph\">We are happy to provide you with further information and answer your questions personally.<\/p>\n\n\n\n<div style=\"height:10px\" aria-hidden=\"true\" class=\"wp-block-spacer\"><\/div>\n\n\n\n<div class=\"wp-block-buttons is-content-justification-center is-layout-flex wp-container-core-buttons-is-layout-3e41869c wp-block-buttons-is-layout-flex\">\n<div class=\"wp-block-button is-style-outline is-style-outline--2\"><a class=\"wp-block-button__link wp-element-button\" href=\"\/en\/contact\/\" style=\"border-width:1px\">Contact us now<\/a><\/div>\n<\/div>\n\n\n\n<p class=\"wp-block-paragraph\"><\/p>","protected":false},"excerpt":{"rendered":"<p>While physical exertion at work and a lack of safety awareness were the main causes of work-related inability to work in the past century, the causes of work-related inability to work today increasingly lie in our socio-economic environment.<\/p>","protected":false},"author":1,"featured_media":60892,"comment_status":"closed","ping_status":"open","sticky":false,"template":"","format":"standard","meta":{"_acf_changed":false,"footnotes":""},"categories":[63,1],"tags":[],"blog_topic":[2746,2747],"class_list":["post-60893","post","type-post","status-publish","format-standard","has-post-thumbnail","hentry","category-longevity","category-spa-aesthetic","blog_topic-cryotherapie","blog_topic-mental-wellbeing"],"acf":[],"yoast_head":"<!-- This site is optimized with the Yoast SEO plugin v28.2 - https:\/\/yoast.com\/product\/yoast-seo-wordpress\/ -->\n<title>K\u00e4ltetherapie als Pr\u00e4vention von Burnout, Stress &amp; Depression - MTR Equipments<\/title>\n<meta name=\"robots\" content=\"index, follow, max-snippet:-1, max-image-preview:large, max-video-preview:-1\" \/>\n<link rel=\"canonical\" href=\"https:\/\/avant-age.live\/en\/cold-therapy-as-prevention-of-burnout-stress-depression\/\" \/>\n<meta property=\"og:locale\" content=\"en_US\" \/>\n<meta property=\"og:type\" content=\"article\" \/>\n<meta property=\"og:title\" content=\"K\u00e4ltetherapie als Pr\u00e4vention von Burnout, Stress &amp; Depression - MTR Equipments\" \/>\n<meta property=\"og:description\" content=\"Waren im vergangenen Jahrhundert die k\u00f6rperliche Belastung bei der Arbeit und mangelndes Sicherheitsbewusstsein Hauptursachen f\u00fcr betrieblich bedingte Arbeitsunf\u00e4higkeit, so liegen die Ursachen f\u00fcr Arbeitsunf\u00e4higkeit heute zunehmend in unserem sozio-\u00f6konomischen Umfeld.\" \/>\n<meta property=\"og:url\" content=\"https:\/\/avant-age.live\/en\/cold-therapy-as-prevention-of-burnout-stress-depression\/\" \/>\n<meta property=\"og:site_name\" content=\"MTR Equipments\" \/>\n<meta property=\"article:published_time\" content=\"2024-01-25T08:31:00+00:00\" \/>\n<meta property=\"article:modified_time\" content=\"2026-07-21T07:03:13+00:00\" \/>\n<meta property=\"og:image\" content=\"https:\/\/avant-age.live\/wp-content\/uploads\/2026\/07\/AoC_header.webp\" \/>\n\t<meta property=\"og:image:width\" content=\"1500\" \/>\n\t<meta property=\"og:image:height\" content=\"725\" \/>\n\t<meta property=\"og:image:type\" content=\"image\/webp\" \/>\n<meta name=\"author\" content=\"admin\" \/>\n<meta name=\"twitter:card\" content=\"summary_large_image\" \/>\n<meta name=\"twitter:label1\" content=\"Written by\" \/>\n\t<meta name=\"twitter:data1\" content=\"admin\" \/>\n\t<meta name=\"twitter:label2\" content=\"Est. reading time\" \/>\n\t<meta name=\"twitter:data2\" content=\"3 minutes\" \/>\n<script type=\"application\/ld+json\" class=\"yoast-schema-graph\">{\"@context\":\"https:\\\/\\\/schema.org\",\"@graph\":[{\"@type\":\"Article\",\"@id\":\"https:\\\/\\\/avant-age.live\\\/kaeltetherapie-als-praevention-von-burnout-stress-depression\\\/#article\",\"isPartOf\":{\"@id\":\"https:\\\/\\\/avant-age.live\\\/kaeltetherapie-als-praevention-von-burnout-stress-depression\\\/\"},\"author\":{\"name\":\"admin\",\"@id\":\"https:\\\/\\\/avant-age.live\\\/#\\\/schema\\\/person\\\/7de62dc13cf1d453150ab0ec05619386\"},\"headline\":\"K\u00e4ltetherapie als Pr\u00e4vention von Burnout, Stress &#038; Depression\",\"datePublished\":\"2024-01-25T08:31:00+00:00\",\"dateModified\":\"2026-07-21T07:03:13+00:00\",\"mainEntityOfPage\":{\"@id\":\"https:\\\/\\\/avant-age.live\\\/kaeltetherapie-als-praevention-von-burnout-stress-depression\\\/\"},\"wordCount\":398,\"image\":{\"@id\":\"https:\\\/\\\/avant-age.live\\\/kaeltetherapie-als-praevention-von-burnout-stress-depression\\\/#primaryimage\"},\"thumbnailUrl\":\"https:\\\/\\\/avant-age.live\\\/wp-content\\\/uploads\\\/2026\\\/07\\\/AoC_header.webp\",\"articleSection\":[\"Longevity\",\"Spa\\\/Aesthetic\"],\"inLanguage\":\"en-US\"},{\"@type\":\"WebPage\",\"@id\":\"https:\\\/\\\/avant-age.live\\\/kaeltetherapie-als-praevention-von-burnout-stress-depression\\\/\",\"url\":\"https:\\\/\\\/avant-age.live\\\/kaeltetherapie-als-praevention-von-burnout-stress-depression\\\/\",\"name\":\"K\u00e4ltetherapie als Pr\u00e4vention von Burnout, Stress & Depression - MTR Equipments\",\"isPartOf\":{\"@id\":\"https:\\\/\\\/avant-age.live\\\/#website\"},\"primaryImageOfPage\":{\"@id\":\"https:\\\/\\\/avant-age.live\\\/kaeltetherapie-als-praevention-von-burnout-stress-depression\\\/#primaryimage\"},\"image\":{\"@id\":\"https:\\\/\\\/avant-age.live\\\/kaeltetherapie-als-praevention-von-burnout-stress-depression\\\/#primaryimage\"},\"thumbnailUrl\":\"https:\\\/\\\/avant-age.live\\\/wp-content\\\/uploads\\\/2026\\\/07\\\/AoC_header.webp\",\"datePublished\":\"2024-01-25T08:31:00+00:00\",\"dateModified\":\"2026-07-21T07:03:13+00:00\",\"author\":{\"@id\":\"https:\\\/\\\/avant-age.live\\\/#\\\/schema\\\/person\\\/7de62dc13cf1d453150ab0ec05619386\"},\"breadcrumb\":{\"@id\":\"https:\\\/\\\/avant-age.live\\\/kaeltetherapie-als-praevention-von-burnout-stress-depression\\\/#breadcrumb\"},\"inLanguage\":\"en-US\",\"potentialAction\":[{\"@type\":\"ReadAction\",\"target\":[\"https:\\\/\\\/avant-age.live\\\/kaeltetherapie-als-praevention-von-burnout-stress-depression\\\/\"]}]},{\"@type\":\"ImageObject\",\"inLanguage\":\"en-US\",\"@id\":\"https:\\\/\\\/avant-age.live\\\/kaeltetherapie-als-praevention-von-burnout-stress-depression\\\/#primaryimage\",\"url\":\"https:\\\/\\\/avant-age.live\\\/wp-content\\\/uploads\\\/2026\\\/07\\\/AoC_header.webp\",\"contentUrl\":\"https:\\\/\\\/avant-age.live\\\/wp-content\\\/uploads\\\/2026\\\/07\\\/AoC_header.webp\",\"width\":1500,\"height\":725},{\"@type\":\"BreadcrumbList\",\"@id\":\"https:\\\/\\\/avant-age.live\\\/kaeltetherapie-als-praevention-von-burnout-stress-depression\\\/#breadcrumb\",\"itemListElement\":[{\"@type\":\"ListItem\",\"position\":1,\"name\":\"Home\",\"item\":\"https:\\\/\\\/avant-age.live\\\/\"},{\"@type\":\"ListItem\",\"position\":2,\"name\":\"K\u00e4ltetherapie als Pr\u00e4vention von Burnout, Stress &#038; Depression\"}]},{\"@type\":\"WebSite\",\"@id\":\"https:\\\/\\\/avant-age.live\\\/#website\",\"url\":\"https:\\\/\\\/avant-age.live\\\/\",\"name\":\"MTR Equipments\",\"description\":\"\",\"potentialAction\":[{\"@type\":\"SearchAction\",\"target\":{\"@type\":\"EntryPoint\",\"urlTemplate\":\"https:\\\/\\\/avant-age.live\\\/?s={search_term_string}\"},\"query-input\":{\"@type\":\"PropertyValueSpecification\",\"valueRequired\":true,\"valueName\":\"search_term_string\"}}],\"inLanguage\":\"en-US\"},{\"@type\":\"Person\",\"@id\":\"https:\\\/\\\/avant-age.live\\\/#\\\/schema\\\/person\\\/7de62dc13cf1d453150ab0ec05619386\",\"name\":\"admin\",\"image\":{\"@type\":\"ImageObject\",\"inLanguage\":\"en-US\",\"@id\":\"https:\\\/\\\/secure.gravatar.com\\\/avatar\\\/767cd3a4a72d9c0b75e32b7b9db68a18c915e21cbee52732beb90310749a1b9d?s=96&d=https%3A%2F%2Favant-age.live%2Fwp-content%2Fthemes%2Fhello-theme-child-master%2Fassets%2Fimages%2Favatar.png&r=g\",\"url\":\"https:\\\/\\\/secure.gravatar.com\\\/avatar\\\/767cd3a4a72d9c0b75e32b7b9db68a18c915e21cbee52732beb90310749a1b9d?s=96&d=https%3A%2F%2Favant-age.live%2Fwp-content%2Fthemes%2Fhello-theme-child-master%2Fassets%2Fimages%2Favatar.png&r=g\",\"contentUrl\":\"https:\\\/\\\/secure.gravatar.com\\\/avatar\\\/767cd3a4a72d9c0b75e32b7b9db68a18c915e21cbee52732beb90310749a1b9d?s=96&d=https%3A%2F%2Favant-age.live%2Fwp-content%2Fthemes%2Fhello-theme-child-master%2Fassets%2Fimages%2Favatar.png&r=g\",\"caption\":\"admin\"},\"sameAs\":[\"https:\\\/\\\/avant-age.live\"]}]}<\/script>\n<!-- \/ Yoast SEO plugin. -->","yoast_head_json":{"title":"Cold therapy as prevention of burnout, stress &amp; depression - MTR Equipments","robots":{"index":"index","follow":"follow","max-snippet":"max-snippet:-1","max-image-preview":"max-image-preview:large","max-video-preview":"max-video-preview:-1"},"canonical":"https:\/\/avant-age.live\/en\/cold-therapy-as-prevention-of-burnout-stress-depression\/","og_locale":"en_US","og_type":"article","og_title":"K\u00e4ltetherapie als Pr\u00e4vention von Burnout, Stress & Depression - MTR Equipments","og_description":"Waren im vergangenen Jahrhundert die k\u00f6rperliche Belastung bei der Arbeit und mangelndes Sicherheitsbewusstsein Hauptursachen f\u00fcr betrieblich bedingte Arbeitsunf\u00e4higkeit, so liegen die Ursachen f\u00fcr Arbeitsunf\u00e4higkeit heute zunehmend in unserem sozio-\u00f6konomischen Umfeld.","og_url":"https:\/\/avant-age.live\/en\/cold-therapy-as-prevention-of-burnout-stress-depression\/","og_site_name":"MTR Equipments","article_published_time":"2024-01-25T08:31:00+00:00","article_modified_time":"2026-07-21T07:03:13+00:00","og_image":[{"width":1500,"height":725,"url":"https:\/\/avant-age.live\/wp-content\/uploads\/2026\/07\/AoC_header.webp","type":"image\/webp"}],"author":"admin","twitter_card":"summary_large_image","twitter_misc":{"Written by":"admin","Est. reading time":"3 minutes"},"schema":{"@context":"https:\/\/schema.org","@graph":[{"@type":"Article","@id":"https:\/\/avant-age.live\/kaeltetherapie-als-praevention-von-burnout-stress-depression\/#article","isPartOf":{"@id":"https:\/\/avant-age.live\/kaeltetherapie-als-praevention-von-burnout-stress-depression\/"},"author":{"name":"admin","@id":"https:\/\/avant-age.live\/#\/schema\/person\/7de62dc13cf1d453150ab0ec05619386"},"headline":"K\u00e4ltetherapie als Pr\u00e4vention von Burnout, Stress &#038; Depression","datePublished":"2024-01-25T08:31:00+00:00","dateModified":"2026-07-21T07:03:13+00:00","mainEntityOfPage":{"@id":"https:\/\/avant-age.live\/kaeltetherapie-als-praevention-von-burnout-stress-depression\/"},"wordCount":398,"image":{"@id":"https:\/\/avant-age.live\/kaeltetherapie-als-praevention-von-burnout-stress-depression\/#primaryimage"},"thumbnailUrl":"https:\/\/avant-age.live\/wp-content\/uploads\/2026\/07\/AoC_header.webp","articleSection":["Longevity","Spa\/Aesthetic"],"inLanguage":"en-US"},{"@type":"WebPage","@id":"https:\/\/avant-age.live\/kaeltetherapie-als-praevention-von-burnout-stress-depression\/","url":"https:\/\/avant-age.live\/kaeltetherapie-als-praevention-von-burnout-stress-depression\/","name":"Cold therapy as prevention of burnout, stress &amp; depression - MTR Equipments","isPartOf":{"@id":"https:\/\/avant-age.live\/#website"},"primaryImageOfPage":{"@id":"https:\/\/avant-age.live\/kaeltetherapie-als-praevention-von-burnout-stress-depression\/#primaryimage"},"image":{"@id":"https:\/\/avant-age.live\/kaeltetherapie-als-praevention-von-burnout-stress-depression\/#primaryimage"},"thumbnailUrl":"https:\/\/avant-age.live\/wp-content\/uploads\/2026\/07\/AoC_header.webp","datePublished":"2024-01-25T08:31:00+00:00","dateModified":"2026-07-21T07:03:13+00:00","author":{"@id":"https:\/\/avant-age.live\/#\/schema\/person\/7de62dc13cf1d453150ab0ec05619386"},"breadcrumb":{"@id":"https:\/\/avant-age.live\/kaeltetherapie-als-praevention-von-burnout-stress-depression\/#breadcrumb"},"inLanguage":"en-US","potentialAction":[{"@type":"ReadAction","target":["https:\/\/avant-age.live\/kaeltetherapie-als-praevention-von-burnout-stress-depression\/"]}]},{"@type":"ImageObject","inLanguage":"en-US","@id":"https:\/\/avant-age.live\/kaeltetherapie-als-praevention-von-burnout-stress-depression\/#primaryimage","url":"https:\/\/avant-age.live\/wp-content\/uploads\/2026\/07\/AoC_header.webp","contentUrl":"https:\/\/avant-age.live\/wp-content\/uploads\/2026\/07\/AoC_header.webp","width":1500,"height":725},{"@type":"BreadcrumbList","@id":"https:\/\/avant-age.live\/kaeltetherapie-als-praevention-von-burnout-stress-depression\/#breadcrumb","itemListElement":[{"@type":"ListItem","position":1,"name":"Home","item":"https:\/\/avant-age.live\/"},{"@type":"ListItem","position":2,"name":"K\u00e4ltetherapie als Pr\u00e4vention von Burnout, Stress &#038; Depression"}]},{"@type":"WebSite","@id":"https:\/\/avant-age.live\/#website","url":"https:\/\/avant-age.live\/","name":"MTR Equipment","description":"","potentialAction":[{"@type":"SearchAction","target":{"@type":"EntryPoint","urlTemplate":"https:\/\/avant-age.live\/?s={search_term_string}"},"query-input":{"@type":"PropertyValueSpecification","valueRequired":true,"valueName":"search_term_string"}}],"inLanguage":"en-US"},{"@type":"Person","@id":"https:\/\/avant-age.live\/#\/schema\/person\/7de62dc13cf1d453150ab0ec05619386","name":"admin","image":{"@type":"ImageObject","inLanguage":"en-US","@id":"https:\/\/secure.gravatar.com\/avatar\/767cd3a4a72d9c0b75e32b7b9db68a18c915e21cbee52732beb90310749a1b9d?s=96&d=https%3A%2F%2Favant-age.live%2Fwp-content%2Fthemes%2Fhello-theme-child-master%2Fassets%2Fimages%2Favatar.png&r=g","url":"https:\/\/secure.gravatar.com\/avatar\/767cd3a4a72d9c0b75e32b7b9db68a18c915e21cbee52732beb90310749a1b9d?s=96&d=https%3A%2F%2Favant-age.live%2Fwp-content%2Fthemes%2Fhello-theme-child-master%2Fassets%2Fimages%2Favatar.png&r=g","contentUrl":"https:\/\/secure.gravatar.com\/avatar\/767cd3a4a72d9c0b75e32b7b9db68a18c915e21cbee52732beb90310749a1b9d?s=96&d=https%3A%2F%2Favant-age.live%2Fwp-content%2Fthemes%2Fhello-theme-child-master%2Fassets%2Fimages%2Favatar.png&r=g","caption":"admin"},"sameAs":["https:\/\/avant-age.live"]}]}},"_links":{"self":[{"href":"https:\/\/avant-age.live\/en\/wp-json\/wp\/v2\/posts\/60893","targetHints":{"allow":["GET"]}}],"collection":[{"href":"https:\/\/avant-age.live\/en\/wp-json\/wp\/v2\/posts"}],"about":[{"href":"https:\/\/avant-age.live\/en\/wp-json\/wp\/v2\/types\/post"}],"author":[{"embeddable":true,"href":"https:\/\/avant-age.live\/en\/wp-json\/wp\/v2\/users\/1"}],"replies":[{"embeddable":true,"href":"https:\/\/avant-age.live\/en\/wp-json\/wp\/v2\/comments?post=60893"}],"version-history":[{"count":1,"href":"https:\/\/avant-age.live\/en\/wp-json\/wp\/v2\/posts\/60893\/revisions"}],"predecessor-version":[{"id":60897,"href":"https:\/\/avant-age.live\/en\/wp-json\/wp\/v2\/posts\/60893\/revisions\/60897"}],"wp:featuredmedia":[{"embeddable":true,"href":"https:\/\/avant-age.live\/en\/wp-json\/wp\/v2\/media\/60892"}],"wp:attachment":[{"href":"https:\/\/avant-age.live\/en\/wp-json\/wp\/v2\/media?parent=60893"}],"wp:term":[{"taxonomy":"category","embeddable":true,"href":"https:\/\/avant-age.live\/en\/wp-json\/wp\/v2\/categories?post=60893"},{"taxonomy":"post_tag","embeddable":true,"href":"https:\/\/avant-age.live\/en\/wp-json\/wp\/v2\/tags?post=60893"},{"taxonomy":"blog_topic","embeddable":true,"href":"https:\/\/avant-age.live\/en\/wp-json\/wp\/v2\/blog_topic?post=60893"}],"curies":[{"name":"wp","href":"https:\/\/api.w.org\/{rel}","templated":true}]}}